[{"command":"settings","settings":{"pluralDelimiter":"\u0003","suppressDeprecationErrors":true,"ajaxPageState":{"libraries":"eJxLzi9K1S_ITC4pLUpNy8zJ0UmpzEvMzUyOT80rySypjM_JLC7RL87IL4_PBaoEALH_EqY","theme":"ivory","theme_token":null},"ajaxTrustedUrl":[],"user":{"uid":0,"permissionsHash":"9c975576f1b96e43d31b3ff34c1ca6b53b6096ff14d83974ef00f2d68011e8fb"}},"merge":true},{"command":"add_css","data":[{"rel":"stylesheet","media":"all","href":"\/core\/themes\/stable9\/css\/core\/components\/progress.module.css?te7139"},{"rel":"stylesheet","media":"all","href":"\/core\/themes\/stable9\/css\/core\/components\/ajax-progress.module.css?te7139"},{"rel":"stylesheet","media":"all","href":"\/themes\/contrib\/gin\/dist\/css\/components\/ajax.css?te7139"}]},{"command":"add_js","selector":"body","data":[{"src":"\/core\/assets\/vendor\/jquery\/jquery.min.js?v=4.0.0"},{"src":"\/sites\/default\/files\/js\/js_ylOA3P3aB3m7tppiwUxKjsWKKReOmdQeJ0pEIXJOVLE.js?scope=footer\u0026delta=1\u0026language=de-gw\u0026theme=ivory\u0026include=eJxLqcxLzM1Mjk_NK8ksqYzPySwu0S_OyC-Pz80vSgUAtBcL_w"}]},{"command":"showMoreTeasers","id":"del--paragraph-573380","content":"\u003Ca href=\u0022\/glas\/grenzebach-gruppe-envelon-pv-fassade-mit-gold-ausgezeichnet-0\u0022  class=\u0022teaser teaser--standard\u0022 aria-label=\u0022Envelon PV Fassade mit Gold ausgezeichnet\u0022\u003E\n      \u003Cdiv class=\u0022teaser-content--image\u0022\u003E\n        \u003Cfigure class=\u0022image--figure\u0022\u003E\n        \u003Cpicture\u003E\n                        \u003Csource srcset=\u0022\/sites\/default\/files\/styles\/teaser_standard__m\/public\/aurora\/2023\/02\/255269.jpeg.webp?itok=ocU4UCJ_ 1x\u0022 media=\u0022(min-width: 48.0625em) and (max-width: 64em)\u0022 type=\u0022image\/webp\u0022 width=\u0022323\u0022 height=\u0022202\u0022\/\u003E\n                  \u003Csource srcset=\u0022\/sites\/default\/files\/styles\/teaser_standard__l\/public\/aurora\/2023\/02\/255269.jpeg.webp?itok=jF1OsXny 1x\u0022 media=\u0022(min-width: 64.0625em)\u0022 type=\u0022image\/webp\u0022 width=\u0022203\u0022 height=\u0022127\u0022\/\u003E\n                  \u003Csource srcset=\u0022\/sites\/default\/files\/styles\/teaser_standard__m\/public\/aurora\/2023\/02\/255269.jpeg?itok=fsZKCYMO 1x\u0022 media=\u0022(min-width: 48.0625em) and (max-width: 64em)\u0022 type=\u0022image\/jpeg\u0022 width=\u0022323\u0022 height=\u0022202\u0022\/\u003E\n                  \u003Csource srcset=\u0022\/sites\/default\/files\/styles\/teaser_standard__l\/public\/aurora\/2023\/02\/255269.jpeg?itok=JL7602eY 1x\u0022 media=\u0022(min-width: 64.0625em)\u0022 type=\u0022image\/jpeg\u0022 width=\u0022203\u0022 height=\u0022127\u0022\/\u003E\n                          \u003Cimg alt=\u0022Am 06. Februar wurde das Envelon Fassaden System mit dem German Design Award \u201eGold\u201c ausgezeichnet.\u0022 loading=\u0022eager\u0022 data-caption-hide width=\u0022637\u0022 height=\u0022398\u0022 data-zoomed=\u0022https:\/\/www.glaswelt.de\/sites\/default\/files\/styles\/content__zoomed\/public\/aurora\/2023\/02\/255269.jpeg?itok=yEqmn-o1\u0022 src=\u0022\/sites\/default\/files\/styles\/teaser_standard__s\/public\/aurora\/2023\/02\/255269.jpeg?itok=bFISO_2m\u0022 title=\u0022\u00a9 Rat der Formgebung\/German Design Award\n\u0022 \/\u003E\n\n    \u003C\/picture\u003E\n      \u003Cfigcaption class=\u0022image--figcaption\u0022\u003E\n          \u003Cdiv class=\u0022copyright\u0022\u003ERat der Formgebung\/German Design Award\n\u003C\/div\u003E\n          \u003C\/figcaption\u003E\n\u003C\/figure\u003E\n\n\n    \u003C\/div\u003E\n    \u003Cdiv class=\u0022teaser-content\u0022\u003E\n                    \u003Cdiv class=\u0022teaser-content--kicker\u0022\u003E\n                    Grenzebach-Gruppe\u00a0\n        \u003C\/div\u003E\n                                              \n                        \n        \u003Ch4 class=\u0022teaser-content--headline\u0022\u003E\n                                Envelon PV Fassade mit Gold \n                              \u003Cspan class=\u0022headline-last-word-arrow\u0022\u003Eausgezeichnet                      \u003C\/span\u003E\n        \u003C\/h4\u003E\n            \u003Cdiv class=\u0022teaser-content--body\u0022\u003E\u003Cp\u003EDer Spezialist f\u00fcr PV Fassaden aus der Grenzebach-Gruppe\u0026nbsp;kann sich \u00fcber eine weitere Auszeichnung freuen:  Das Envelon-System wurde beim\u0026nbsp;German Design Award 2023 in der Kategorie \u201eBuilding and Elements\u201c im Bereich Excellent Product Design im Februar mit \u201eGold\u201c ausgezeichnet.\u003C\/p\u003E\n\u003C\/div\u003E\n                        \u003Cspan class=\u0022read-more-arrow-container\u0022\u003E\n            \u003Cspan class=\u0022read-more-angled-arrow\u0022\u003E \u003C\/span\u003E\n          \u003C\/span\u003E\n                  \u003C\/div\u003E\n    \u003C\/a\u003E\n\u003Ca href=\u0022\/glas\/joh-franz-koenig-gmbh-ein-starkes-familien-team\u0022  class=\u0022teaser teaser--standard\u0022 aria-label=\u0022Ein starkes Familien-Team\r\u0022\u003E\n      \u003Cdiv class=\u0022teaser-content--image\u0022\u003E\n        \u003Cfigure class=\u0022image--figure\u0022\u003E\n        \u003Cpicture\u003E\n                        \u003Csource srcset=\u0022\/sites\/default\/files\/styles\/teaser_standard__m\/public\/aurora\/2023\/04\/262271.jpeg.webp?itok=Z-0fDkro 1x\u0022 media=\u0022(min-width: 48.0625em) and (max-width: 64em)\u0022 type=\u0022image\/webp\u0022 width=\u0022323\u0022 height=\u0022194\u0022\/\u003E\n                  \u003Csource srcset=\u0022\/sites\/default\/files\/styles\/teaser_standard__l\/public\/aurora\/2023\/04\/262271.jpeg.webp?itok=3ZymEJTa 1x\u0022 media=\u0022(min-width: 64.0625em)\u0022 type=\u0022image\/webp\u0022 width=\u0022203\u0022 height=\u0022122\u0022\/\u003E\n                  \u003Csource srcset=\u0022\/sites\/default\/files\/styles\/teaser_standard__m\/public\/aurora\/2023\/04\/262271.jpeg?itok=RoSpbasX 1x\u0022 media=\u0022(min-width: 48.0625em) and (max-width: 64em)\u0022 type=\u0022image\/jpeg\u0022 width=\u0022323\u0022 height=\u0022194\u0022\/\u003E\n                  \u003Csource srcset=\u0022\/sites\/default\/files\/styles\/teaser_standard__l\/public\/aurora\/2023\/04\/262271.jpeg?itok=V-QSebVc 1x\u0022 media=\u0022(min-width: 64.0625em)\u0022 type=\u0022image\/jpeg\u0022 width=\u0022203\u0022 height=\u0022122\u0022\/\u003E\n                          \u003Cimg alt=\u0022Cornelius Trimborn und sein Sohn Niklas aus K\u00f6ln\u0022 loading=\u0022eager\u0022 data-caption-hide width=\u0022663\u0022 height=\u0022398\u0022 data-zoomed=\u0022https:\/\/www.glaswelt.de\/sites\/default\/files\/styles\/content__zoomed\/public\/aurora\/2023\/04\/262271.jpeg?itok=Muj7THgv\u0022 src=\u0022\/sites\/default\/files\/styles\/teaser_standard__s\/public\/aurora\/2023\/04\/262271.jpeg?itok=WhbbRkQb\u0022 title=\u0022\u00a9 Foto:  Matthias Rehberger \/ GW\n\u0022 \/\u003E\n\n    \u003C\/picture\u003E\n      \u003Cfigcaption class=\u0022image--figcaption\u0022\u003E\n          \u003Cdiv class=\u0022copyright\u0022\u003EFoto:  Matthias Rehberger \/ GW\n\u003C\/div\u003E\n          \u003C\/figcaption\u003E\n\u003C\/figure\u003E\n\n\n    \u003C\/div\u003E\n    \u003Cdiv class=\u0022teaser-content\u0022\u003E\n                    \u003Cdiv class=\u0022teaser-content--kicker\u0022\u003E\n                    Joh. Franz K\u00f6nig GmbH \u0026#13;\n        \u003C\/div\u003E\n                                              \n                        \n        \u003Ch4 class=\u0022teaser-content--headline\u0022\u003E\n                                Ein starkes \n                              \u003Cspan class=\u0022headline-last-word-arrow\u0022\u003EFamilien-Team                      \u003C\/span\u003E\n        \u003C\/h4\u003E\n            \u003Cdiv class=\u0022teaser-content--body\u0022\u003E\u003Cp\u003EDie Firma Joh. Franz K\u00f6nig GmbH, 1839 als Malerbetrieb mit Glashandel gegr\u00fcndet, ist ein etablierter Glas-Gro\u00dfhandel in K\u00f6ln. Das Familienunternehmen wird heute in sechster Generation von Cornelius Trimborn geleitet, und die Familiennachfolge ist bereits in Planung.\u003C\/p\u003E\n\u003C\/div\u003E\n                        \u003Cspan class=\u0022read-more-arrow-container\u0022\u003E\n            \u003Cspan class=\u0022read-more-angled-arrow\u0022\u003E \u003C\/span\u003E\n          \u003C\/span\u003E\n                  \u003C\/div\u003E\n    \u003C\/a\u003E\n\u003Ca href=\u0022\/glas\/csp-partner-saint-gobain-glass-csp-statische-nachweise-als-service\u0022  class=\u0022teaser teaser--standard\u0022 aria-label=\u0022CSP: Statische Nachweise als Service\u0022\u003E\n      \u003Cdiv class=\u0022teaser-content--image\u0022\u003E\n        \u003Cfigure class=\u0022image--figure\u0022\u003E\n        \u003Cpicture\u003E\n                        \u003Csource srcset=\u0022\/sites\/default\/files\/styles\/teaser_standard__m\/public\/aurora\/2023\/04\/262265.jpeg.webp?itok=BEwzAf3G 1x\u0022 media=\u0022(min-width: 48.0625em) and (max-width: 64em)\u0022 type=\u0022image\/webp\u0022 width=\u0022323\u0022 height=\u0022187\u0022\/\u003E\n                  \u003Csource srcset=\u0022\/sites\/default\/files\/styles\/teaser_standard__l\/public\/aurora\/2023\/04\/262265.jpeg.webp?itok=YQj7sdu_ 1x\u0022 media=\u0022(min-width: 64.0625em)\u0022 type=\u0022image\/webp\u0022 width=\u0022203\u0022 height=\u0022117\u0022\/\u003E\n                  \u003Csource srcset=\u0022\/sites\/default\/files\/styles\/teaser_standard__m\/public\/aurora\/2023\/04\/262265.jpeg?itok=Z9EcKIvA 1x\u0022 media=\u0022(min-width: 48.0625em) and (max-width: 64em)\u0022 type=\u0022image\/jpeg\u0022 width=\u0022323\u0022 height=\u0022187\u0022\/\u003E\n                  \u003Csource srcset=\u0022\/sites\/default\/files\/styles\/teaser_standard__l\/public\/aurora\/2023\/04\/262265.jpeg?itok=9xY703MC 1x\u0022 media=\u0022(min-width: 64.0625em)\u0022 type=\u0022image\/jpeg\u0022 width=\u0022203\u0022 height=\u0022117\u0022\/\u003E\n                          \u003Cimg alt=\u0022Durch die neue Tabelle erhalten die Verarbeiter eine hohe Planungs- und Rechtssicherheit, hinsichtlich der ver\u00e4nderten Regelungssituation. \u0022 loading=\u0022eager\u0022 data-caption-hide width=\u0022688\u0022 height=\u0022398\u0022 data-zoomed=\u0022https:\/\/www.glaswelt.de\/sites\/default\/files\/styles\/content__zoomed\/public\/aurora\/2023\/04\/262265.jpeg?itok=SA3yMJRT\u0022 src=\u0022\/sites\/default\/files\/styles\/teaser_standard__s\/public\/aurora\/2023\/04\/262265.jpeg?itok=yHDw34HA\u0022 title=\u0022\u00a9 Foto: Saint-Gobain Glass\n\u0022 \/\u003E\n\n    \u003C\/picture\u003E\n      \u003Cfigcaption class=\u0022image--figcaption\u0022\u003E\n          \u003Cdiv class=\u0022copyright\u0022\u003EFoto: Saint-Gobain Glass\n\u003C\/div\u003E\n          \u003C\/figcaption\u003E\n\u003C\/figure\u003E\n\n\n    \u003C\/div\u003E\n    \u003Cdiv class=\u0022teaser-content\u0022\u003E\n                    \u003Cdiv class=\u0022teaser-content--kicker\u0022\u003E\n                    CSP-Partner\u00a0| Saint-Gobain Glass\u0026#13;\n        \u003C\/div\u003E\n                                              \n                        \n        \u003Ch4 class=\u0022teaser-content--headline\u0022\u003E\n                                CSP: Statische Nachweise als \n                              \u003Cspan class=\u0022headline-last-word-arrow\u0022\u003EService                      \u003C\/span\u003E\n        \u003C\/h4\u003E\n            \u003Cdiv class=\u0022teaser-content--body\u0022\u003E\u003Cp\u003EUnabh\u00e4ngig von ihrer H\u00f6he ben\u00f6tigen Ganzglasanlagen einen Nachweis f\u00fcr die Standsicherheit. Die fr\u00fchere Regel, wonach \u00adVerglasungen bis 4 Meter H\u00f6he freigestellt waren, gilt nicht mehr. Mit einem neuen Service f\u00fcr Securit-Ganzglasanlagen \u00adbietet Saint-Gobain Glass gemeinsam mit dem Partnernetzwerk Clima\u00adPlusSecurit (CSP) \u00adeine\u0026nbsp;hohe \u00adPlanungs- und Aus\u00adf\u00fchrungs\u00adsicherheit.\u003C\/p\u003E\n\u003C\/div\u003E\n                        \u003Cspan class=\u0022read-more-arrow-container\u0022\u003E\n            \u003Cspan class=\u0022read-more-angled-arrow\u0022\u003E \u003C\/span\u003E\n          \u003C\/span\u003E\n                  \u003C\/div\u003E\n    \u003C\/a\u003E\n\u003Ca href=\u0022\/glas\/grenzebach-gruppe-envelon-pv-fassade-mit-gold-ausgezeichnet\u0022  class=\u0022teaser teaser--standard\u0022 aria-label=\u0022Envelon PV Fassade mit Gold ausgezeichnet\u0022\u003E\n      \u003Cdiv class=\u0022teaser-content--image\u0022\u003E\n        \u003Cfigure class=\u0022image--figure\u0022\u003E\n        \u003Cpicture\u003E\n                        \u003Csource srcset=\u0022\/sites\/default\/files\/styles\/teaser_standard__m\/public\/aurora\/2023\/02\/255269.jpeg.webp?itok=ocU4UCJ_ 1x\u0022 media=\u0022(min-width: 48.0625em) and (max-width: 64em)\u0022 type=\u0022image\/webp\u0022 width=\u0022323\u0022 height=\u0022202\u0022\/\u003E\n                  \u003Csource srcset=\u0022\/sites\/default\/files\/styles\/teaser_standard__l\/public\/aurora\/2023\/02\/255269.jpeg.webp?itok=jF1OsXny 1x\u0022 media=\u0022(min-width: 64.0625em)\u0022 type=\u0022image\/webp\u0022 width=\u0022203\u0022 height=\u0022127\u0022\/\u003E\n                  \u003Csource srcset=\u0022\/sites\/default\/files\/styles\/teaser_standard__m\/public\/aurora\/2023\/02\/255269.jpeg?itok=fsZKCYMO 1x\u0022 media=\u0022(min-width: 48.0625em) and (max-width: 64em)\u0022 type=\u0022image\/jpeg\u0022 width=\u0022323\u0022 height=\u0022202\u0022\/\u003E\n                  \u003Csource srcset=\u0022\/sites\/default\/files\/styles\/teaser_standard__l\/public\/aurora\/2023\/02\/255269.jpeg?itok=JL7602eY 1x\u0022 media=\u0022(min-width: 64.0625em)\u0022 type=\u0022image\/jpeg\u0022 width=\u0022203\u0022 height=\u0022127\u0022\/\u003E\n                          \u003Cimg alt=\u0022Am 06. Februar wurde das Envelon Fassaden System mit dem German Design Award \u201eGold\u201c ausgezeichnet.\u0022 loading=\u0022eager\u0022 data-caption-hide width=\u0022637\u0022 height=\u0022398\u0022 data-zoomed=\u0022https:\/\/www.glaswelt.de\/sites\/default\/files\/styles\/content__zoomed\/public\/aurora\/2023\/02\/255269.jpeg?itok=yEqmn-o1\u0022 src=\u0022\/sites\/default\/files\/styles\/teaser_standard__s\/public\/aurora\/2023\/02\/255269.jpeg?itok=bFISO_2m\u0022 title=\u0022\u00a9 Rat der Formgebung\/German Design Award\n\u0022 \/\u003E\n\n    \u003C\/picture\u003E\n      \u003Cfigcaption class=\u0022image--figcaption\u0022\u003E\n          \u003Cdiv class=\u0022copyright\u0022\u003ERat der Formgebung\/German Design Award\n\u003C\/div\u003E\n          \u003C\/figcaption\u003E\n\u003C\/figure\u003E\n\n\n    \u003C\/div\u003E\n    \u003Cdiv class=\u0022teaser-content\u0022\u003E\n                    \u003Cdiv class=\u0022teaser-content--kicker\u0022\u003E\n                    Grenzebach-Gruppe\u00a0\n        \u003C\/div\u003E\n                                              \n                        \n        \u003Ch4 class=\u0022teaser-content--headline\u0022\u003E\n                                Envelon PV Fassade mit Gold \n                              \u003Cspan class=\u0022headline-last-word-arrow\u0022\u003Eausgezeichnet                      \u003C\/span\u003E\n        \u003C\/h4\u003E\n            \u003Cdiv class=\u0022teaser-content--body\u0022\u003E\u003Cp\u003EDer Spezialist f\u00fcr PV Fassaden aus der Grenzebach-Gruppe\u0026nbsp;kann sich \u00fcber eine weitere Auszeichnung freuen:  Das Envelon-System wurde beim\u0026nbsp;German Design Award 2023 in der Kategorie \u201eBuilding and Elements\u201c im Bereich Excellent Product Design am 03. Februar 2023 in Frankfurt am Main mit \u201eGold\u201c ausgezeichnet.\u003C\/p\u003E\n\u003C\/div\u003E\n                        \u003Cspan class=\u0022read-more-arrow-container\u0022\u003E\n            \u003Cspan class=\u0022read-more-angled-arrow\u0022\u003E \u003C\/span\u003E\n          \u003C\/span\u003E\n                  \u003C\/div\u003E\n    \u003C\/a\u003E\n\u003Ca href=\u0022\/glas\/trennwaende-und-innentueren-breuer-schmitz-immer-der-passende-beschlag\u0022  class=\u0022teaser teaser--standard\u0022 aria-label=\u0022Breuer + Schmitz: Immer der passende Beschlag\u0022\u003E\n      \u003Cdiv class=\u0022teaser-content--image\u0022\u003E\n        \u003Cfigure class=\u0022image--figure\u0022\u003E\n        \u003Cpicture\u003E\n                        \u003Csource srcset=\u0022\/sites\/default\/files\/styles\/teaser_standard__m\/public\/aurora\/2023\/02\/254714.jpeg.webp?itok=wsC2Y6d0 1x\u0022 media=\u0022(min-width: 48.0625em) and (max-width: 64em)\u0022 type=\u0022image\/webp\u0022 width=\u0022304\u0022 height=\u0022242\u0022\/\u003E\n                  \u003Csource srcset=\u0022\/sites\/default\/files\/styles\/teaser_standard__l\/public\/aurora\/2023\/02\/254714.jpeg.webp?itok=rswkCNzV 1x\u0022 media=\u0022(min-width: 64.0625em)\u0022 type=\u0022image\/webp\u0022 width=\u0022191\u0022 height=\u0022152\u0022\/\u003E\n                  \u003Csource srcset=\u0022\/sites\/default\/files\/styles\/teaser_standard__m\/public\/aurora\/2023\/02\/254714.jpeg?itok=okdQpT2t 1x\u0022 media=\u0022(min-width: 48.0625em) and (max-width: 64em)\u0022 type=\u0022image\/jpeg\u0022 width=\u0022304\u0022 height=\u0022242\u0022\/\u003E\n                  \u003Csource srcset=\u0022\/sites\/default\/files\/styles\/teaser_standard__l\/public\/aurora\/2023\/02\/254714.jpeg?itok=VAdCarnN 1x\u0022 media=\u0022(min-width: 64.0625em)\u0022 type=\u0022image\/jpeg\u0022 width=\u0022191\u0022 height=\u0022152\u0022\/\u003E\n                          \u003Cimg alt=\u0022Elegant und dezent unterst\u00fctzen die Bandl\u00f6sungen von Breuer und Schmitz \u2013 hier das 3D-System VZX f\u00fcr stumpf anschlagende T\u00fcren in Mattschwarz \u2013 die Wirkung von Glast\u00fcren.\u0022 loading=\u0022eager\u0022 data-caption-hide width=\u0022501\u0022 height=\u0022398\u0022 data-zoomed=\u0022https:\/\/www.glaswelt.de\/sites\/default\/files\/styles\/content__zoomed\/public\/aurora\/2023\/02\/254714.jpeg?itok=AwWvM0qi\u0022 src=\u0022\/sites\/default\/files\/styles\/teaser_standard__s\/public\/aurora\/2023\/02\/254714.jpeg?itok=jKGCkpdL\u0022 title=\u0022\u00a9 Breuer und Schmitz\n\u0022 \/\u003E\n\n    \u003C\/picture\u003E\n      \u003Cfigcaption class=\u0022image--figcaption\u0022\u003E\n          \u003Cdiv class=\u0022copyright\u0022\u003EBreuer und Schmitz\n\u003C\/div\u003E\n          \u003C\/figcaption\u003E\n\u003C\/figure\u003E\n\n\n    \u003C\/div\u003E\n    \u003Cdiv class=\u0022teaser-content\u0022\u003E\n                    \u003Cdiv class=\u0022teaser-content--kicker\u0022\u003E\n                    Trennw\u00e4nde und Innent\u00fcren\n        \u003C\/div\u003E\n                                              \n                        \n        \u003Ch4 class=\u0022teaser-content--headline\u0022\u003E\n                                Breuer + Schmitz: Immer der passende \n                              \u003Cspan class=\u0022headline-last-word-arrow\u0022\u003EBeschlag                      \u003C\/span\u003E\n        \u003C\/h4\u003E\n            \u003Cdiv class=\u0022teaser-content--body\u0022\u003E\u003Cp\u003EIm modernen B\u00fcro- und Industriebau werden die Innenr\u00e4ume immer h\u00e4ufiger ganz individuell durch Trennwandsysteme aufgeteilt. Daf\u00fcr passende Beschlagl\u00f6sungen bietet hier Breuer + Schmitz aus Solingen an.\u003C\/p\u003E\n\u003C\/div\u003E\n                        \u003Cspan class=\u0022read-more-arrow-container\u0022\u003E\n            \u003Cspan class=\u0022read-more-angled-arrow\u0022\u003E \u003C\/span\u003E\n          \u003C\/span\u003E\n                  \u003C\/div\u003E\n    \u003C\/a\u003E\n\u003Ca href=\u0022\/glas\/recycling-glas-auf-dem-vormarsch-saint-gobain-glass-und-ragn-sells-jetzt-recycling-partner\u0022  class=\u0022teaser teaser--standard\u0022 aria-label=\u0022Saint-Gobain Glass und Ragn-Sells jetzt Recycling-Partner\u0022\u003E\n      \u003Cdiv class=\u0022teaser-content--image\u0022\u003E\n        \u003Cfigure class=\u0022image--figure\u0022\u003E\n        \u003Cpicture\u003E\n                        \u003Csource srcset=\u0022\/sites\/default\/files\/styles\/teaser_standard__m\/public\/aurora\/2023\/01\/250176.jpeg.webp?itok=KHHq6Xce 1x\u0022 media=\u0022(min-width: 48.0625em) and (max-width: 64em)\u0022 type=\u0022image\/webp\u0022 width=\u0022323\u0022 height=\u0022215\u0022\/\u003E\n                  \u003Csource srcset=\u0022\/sites\/default\/files\/styles\/teaser_standard__l\/public\/aurora\/2023\/01\/250176.jpeg.webp?itok=dIkheG9M 1x\u0022 media=\u0022(min-width: 64.0625em)\u0022 type=\u0022image\/webp\u0022 width=\u0022203\u0022 height=\u0022135\u0022\/\u003E\n                  \u003Csource srcset=\u0022\/sites\/default\/files\/styles\/teaser_standard__m\/public\/aurora\/2023\/01\/250176.jpeg?itok=3vM6o3bJ 1x\u0022 media=\u0022(min-width: 48.0625em) and (max-width: 64em)\u0022 type=\u0022image\/jpeg\u0022 width=\u0022323\u0022 height=\u0022215\u0022\/\u003E\n                  \u003Csource srcset=\u0022\/sites\/default\/files\/styles\/teaser_standard__l\/public\/aurora\/2023\/01\/250176.jpeg?itok=t_vr-BZh 1x\u0022 media=\u0022(min-width: 64.0625em)\u0022 type=\u0022image\/jpeg\u0022 width=\u0022203\u0022 height=\u0022135\u0022\/\u003E\n                          \u003Cimg alt=\u0022Bis zu 20.000 t r\u00fcckgebautes Fassadenglas pro Jahr sollen durch die Zusammenarbeit mit Ragn-Sells in die Produktion von CO 2 -reduziertem Glas einflie\u00dfen.\u0022 loading=\u0022eager\u0022 data-caption-hide width=\u0022597\u0022 height=\u0022398\u0022 data-zoomed=\u0022https:\/\/www.glaswelt.de\/sites\/default\/files\/styles\/content__zoomed\/public\/aurora\/2023\/01\/250176.jpeg?itok=JQDaUl-X\u0022 src=\u0022\/sites\/default\/files\/styles\/teaser_standard__s\/public\/aurora\/2023\/01\/250176.jpeg?itok=c8LqPwbA\u0022 title=\u0022\u00a9 Saint-Gobain Glass\n\u0022 \/\u003E\n\n    \u003C\/picture\u003E\n      \u003Cfigcaption class=\u0022image--figcaption\u0022\u003E\n          \u003Cdiv class=\u0022copyright\u0022\u003ESaint-Gobain Glass\n\u003C\/div\u003E\n          \u003C\/figcaption\u003E\n\u003C\/figure\u003E\n\n\n    \u003C\/div\u003E\n    \u003Cdiv class=\u0022teaser-content\u0022\u003E\n                    \u003Cdiv class=\u0022teaser-content--kicker\u0022\u003E\n                    Recycling-Glas auf dem Vormarsch\n        \u003C\/div\u003E\n                                              \n                        \n        \u003Ch4 class=\u0022teaser-content--headline\u0022\u003E\n                                Saint-Gobain Glass und Ragn-Sells jetzt \n                              \u003Cspan class=\u0022headline-last-word-arrow\u0022\u003ERecycling-Partner                      \u003C\/span\u003E\n        \u003C\/h4\u003E\n            \u003Cdiv class=\u0022teaser-content--body\u0022\u003E\u003Cp\u003EDurch einen Vertrag mit dem Recycling-Spezialisten Ragn-Sells hat Saint-Gobain Glass einen wichtigen Meilenstein auf dem Weg zur CO\u003Csub\u003E2\u003C\/sub\u003E Reduktion erreicht, denn damit kann der Floathersteller seinen Anteil an\u0026nbsp; hochwertigen Scherben, die f\u00fcr die Produktion von CO\u003Csub\u003E2\u003C\/sub\u003E-reduziertem Glas eingesetzt werden, weiter erh\u00f6hen. Hier die Details.\u003C\/p\u003E\n\u003C\/div\u003E\n                        \u003Cspan class=\u0022read-more-arrow-container\u0022\u003E\n            \u003Cspan class=\u0022read-more-angled-arrow\u0022\u003E \u003C\/span\u003E\n          \u003C\/span\u003E\n                  \u003C\/div\u003E\n    \u003C\/a\u003E\n\u003Ca href=\u0022\/glas\/neue-arbeitsgruppe-beim-fkg-gestern-muell-heute-wertvoller-rohstoff-wiederverwendung-von-glas\u0022  class=\u0022teaser teaser--standard\u0022 aria-label=\u0022Gestern M\u00fcll, heute wertvoller Rohstoff \u2013 Wiederverwendung von Glas\u0022\u003E\n      \u003Cdiv class=\u0022teaser-content--image\u0022\u003E\n        \u003Cfigure class=\u0022image--figure\u0022\u003E\n        \u003Cpicture\u003E\n                        \u003Csource srcset=\u0022\/sites\/default\/files\/styles\/teaser_standard__m\/public\/aurora\/2023\/01\/249227.jpeg.webp?itok=AQyTBegt 1x\u0022 media=\u0022(min-width: 48.0625em) and (max-width: 64em)\u0022 type=\u0022image\/webp\u0022 width=\u0022323\u0022 height=\u0022242\u0022\/\u003E\n                  \u003Csource srcset=\u0022\/sites\/default\/files\/styles\/teaser_standard__l\/public\/aurora\/2023\/01\/249227.jpeg.webp?itok=0iQbbgQD 1x\u0022 media=\u0022(min-width: 64.0625em)\u0022 type=\u0022image\/webp\u0022 width=\u0022203\u0022 height=\u0022152\u0022\/\u003E\n                  \u003Csource srcset=\u0022\/sites\/default\/files\/styles\/teaser_standard__m\/public\/aurora\/2023\/01\/249227.jpeg?itok=BAUfZXMp 1x\u0022 media=\u0022(min-width: 48.0625em) and (max-width: 64em)\u0022 type=\u0022image\/jpeg\u0022 width=\u0022323\u0022 height=\u0022242\u0022\/\u003E\n                  \u003Csource srcset=\u0022\/sites\/default\/files\/styles\/teaser_standard__l\/public\/aurora\/2023\/01\/249227.jpeg?itok=bazPv8_w 1x\u0022 media=\u0022(min-width: 64.0625em)\u0022 type=\u0022image\/jpeg\u0022 width=\u0022203\u0022 height=\u0022152\u0022\/\u003E\n                          \u003Cimg loading=\u0022eager\u0022 data-caption-hide width=\u0022531\u0022 height=\u0022398\u0022 data-zoomed=\u0022https:\/\/www.glaswelt.de\/sites\/default\/files\/styles\/content__zoomed\/public\/aurora\/2023\/01\/249227.jpeg?itok=vdodGHum\u0022 src=\u0022\/sites\/default\/files\/styles\/teaser_standard__s\/public\/aurora\/2023\/01\/249227.jpeg?itok=UFaJi9bL\u0022 title=\u0022\u00a9 Matthias Rehberger\n\u0022 \/\u003E\n\n    \u003C\/picture\u003E\n      \u003Cfigcaption class=\u0022image--figcaption\u0022\u003E\n          \u003Cdiv class=\u0022copyright\u0022\u003EMatthias Rehberger\n\u003C\/div\u003E\n          \u003C\/figcaption\u003E\n\u003C\/figure\u003E\n\n\n    \u003C\/div\u003E\n    \u003Cdiv class=\u0022teaser-content\u0022\u003E\n                    \u003Cdiv class=\u0022teaser-content--kicker\u0022\u003E\n                    Neue Arbeitsgruppe beim FKG \n        \u003C\/div\u003E\n                                              \n                        \n        \u003Ch4 class=\u0022teaser-content--headline\u0022\u003E\n                                Gestern M\u00fcll, heute wertvoller Rohstoff \u2013 Wiederverwendung von \n                              \u003Cspan class=\u0022headline-last-word-arrow\u0022\u003EGlas                      \u003C\/span\u003E\n        \u003C\/h4\u003E\n            \u003Cdiv class=\u0022teaser-content--body\u0022\u003E\u003Cp\u003ESchon vor Jahrhunderten wurden Bauprodukte bei Umbauarbeiten bzw. aus Abbruch aufbereitet und wiederverwendet. Diese Tradition ist etwas verloren gegangen. Bis heute, denn die stark gestiegenen Rohstoff- und Energiekosten belasten auch die Glas- und Fassadenhersteller. Eine neue Arbeitsgruppe beim FKG fokkusiert sich nun auf die Wiederverwendung von Bestandsglas, Stichwort: Re-Use. Hier die Details.\u003C\/p\u003E\n\u003C\/div\u003E\n                        \u003Cspan class=\u0022read-more-arrow-container\u0022\u003E\n            \u003Cspan class=\u0022read-more-angled-arrow\u0022\u003E \u003C\/span\u003E\n          \u003C\/span\u003E\n                  \u003C\/div\u003E\n    \u003C\/a\u003E\n\u003Ca href=\u0022\/glas\/glas-herzog-zufrieden-mit-der-speed-box-isolierglas-linie-darum-setzen-wir-auf-glaston-0\u0022  class=\u0022teaser teaser--standard\u0022 aria-label=\u0022\u201eDarum setzen wir auf Glaston\u201c\r\u0022\u003E\n      \u003Cdiv class=\u0022teaser-content--image\u0022\u003E\n        \u003Cfigure class=\u0022image--figure\u0022\u003E\n        \u003Cpicture\u003E\n                        \u003Csource srcset=\u0022\/sites\/default\/files\/styles\/teaser_standard__m\/public\/aurora\/2022\/11\/225186.jpeg.webp?itok=pSUVIF7k 1x\u0022 media=\u0022(min-width: 48.0625em) and (max-width: 64em)\u0022 type=\u0022image\/webp\u0022 width=\u0022323\u0022 height=\u0022215\u0022\/\u003E\n                  \u003Csource srcset=\u0022\/sites\/default\/files\/styles\/teaser_standard__l\/public\/aurora\/2022\/11\/225186.jpeg.webp?itok=E9jp8wMF 1x\u0022 media=\u0022(min-width: 64.0625em)\u0022 type=\u0022image\/webp\u0022 width=\u0022203\u0022 height=\u0022135\u0022\/\u003E\n                  \u003Csource srcset=\u0022\/sites\/default\/files\/styles\/teaser_standard__m\/public\/aurora\/2022\/11\/225186.jpeg?itok=_fGPG27j 1x\u0022 media=\u0022(min-width: 48.0625em) and (max-width: 64em)\u0022 type=\u0022image\/jpeg\u0022 width=\u0022323\u0022 height=\u0022215\u0022\/\u003E\n                  \u003Csource srcset=\u0022\/sites\/default\/files\/styles\/teaser_standard__l\/public\/aurora\/2022\/11\/225186.jpeg?itok=A3-UihaN 1x\u0022 media=\u0022(min-width: 64.0625em)\u0022 type=\u0022image\/jpeg\u0022 width=\u0022203\u0022 height=\u0022135\u0022\/\u003E\n                          \u003Cimg alt=\u0022Starkes Familien-Team: Die S\u00f6hne Thomas (l.) und Andreas jr. mit Vater Andreas Herzog sen.\u0022 loading=\u0022eager\u0022 data-caption-hide width=\u0022597\u0022 height=\u0022398\u0022 data-zoomed=\u0022https:\/\/www.glaswelt.de\/sites\/default\/files\/styles\/content__zoomed\/public\/aurora\/2022\/11\/225186.jpeg?itok=mizPWjll\u0022 src=\u0022\/sites\/default\/files\/styles\/teaser_standard__s\/public\/aurora\/2022\/11\/225186.jpeg?itok=0taI8GIW\u0022 title=\u0022\u00a9 Foto: Glaston\n\u0022 \/\u003E\n\n    \u003C\/picture\u003E\n      \u003Cfigcaption class=\u0022image--figcaption\u0022\u003E\n          \u003Cdiv class=\u0022copyright\u0022\u003EFoto: Glaston\n\u003C\/div\u003E\n          \u003C\/figcaption\u003E\n\u003C\/figure\u003E\n\n\n    \u003C\/div\u003E\n    \u003Cdiv class=\u0022teaser-content\u0022\u003E\n                    \u003Cdiv class=\u0022teaser-content--kicker\u0022\u003E\n                    Glas Herzog: Zufrieden mit der Speed Box Isolierglas-Linie \u0026#13;\n        \u003C\/div\u003E\n                                              \n                        \n        \u003Ch4 class=\u0022teaser-content--headline\u0022\u003E\n                                \u201eDarum setzen wir auf \n                              \u003Cspan class=\u0022headline-last-word-arrow\u0022\u003EGlaston\u201c                      \u003C\/span\u003E\n        \u003C\/h4\u003E\n            \u003Cdiv class=\u0022teaser-content--body\u0022\u003E\u003Cp\u003E\u201eWir haben gro\u00dfes Vertrauen in Glaston\u201c, sagt Andreas Herzog, Seniorchef und Gesch\u00e4ftsf\u00fchrer von Glas Herzog. Und dies spiegelt sich nicht nur in der j\u00fcngsten Anschaffung einer neuen Speed Box Isolierglas-Linie von Glaston wider. Hier die Details zu einer langj\u00e4hrigen Partnerschaft.\u003C\/p\u003E\n\u003C\/div\u003E\n                        \u003Cspan class=\u0022read-more-arrow-container\u0022\u003E\n            \u003Cspan class=\u0022read-more-angled-arrow\u0022\u003E \u003C\/span\u003E\n          \u003C\/span\u003E\n                  \u003C\/div\u003E\n    \u003C\/a\u003E\n\u003Ca href=\u0022\/glas\/eastman-stellt-pvb-zwischenlagen-fuer-vogelschutzglas-vor-so-wird-vogelschutzglas-schoen\u0022  class=\u0022teaser teaser--standard\u0022 aria-label=\u0022So wird Vogelschutzglas sch\u00f6n \u0022\u003E\n      \u003Cdiv class=\u0022teaser-content--image\u0022\u003E\n        \u003Cfigure class=\u0022image--figure\u0022\u003E\n        \u003Cpicture\u003E\n                        \u003Csource srcset=\u0022\/sites\/default\/files\/styles\/teaser_standard__m\/public\/aurora\/2022\/05\/194081.jpeg.webp?itok=gCx-GTBL 1x\u0022 media=\u0022(min-width: 48.0625em) and (max-width: 64em)\u0022 type=\u0022image\/webp\u0022 width=\u0022323\u0022 height=\u0022215\u0022\/\u003E\n                  \u003Csource srcset=\u0022\/sites\/default\/files\/styles\/teaser_standard__l\/public\/aurora\/2022\/05\/194081.jpeg.webp?itok=70I6IjKP 1x\u0022 media=\u0022(min-width: 64.0625em)\u0022 type=\u0022image\/webp\u0022 width=\u0022203\u0022 height=\u0022135\u0022\/\u003E\n                  \u003Csource srcset=\u0022\/sites\/default\/files\/styles\/teaser_standard__m\/public\/aurora\/2022\/05\/194081.jpeg?itok=lAmufnkS 1x\u0022 media=\u0022(min-width: 48.0625em) and (max-width: 64em)\u0022 type=\u0022image\/jpeg\u0022 width=\u0022323\u0022 height=\u0022215\u0022\/\u003E\n                  \u003Csource srcset=\u0022\/sites\/default\/files\/styles\/teaser_standard__l\/public\/aurora\/2022\/05\/194081.jpeg?itok=Kuqscghc 1x\u0022 media=\u0022(min-width: 64.0625em)\u0022 type=\u0022image\/jpeg\u0022 width=\u0022203\u0022 height=\u0022135\u0022\/\u003E\n                          \u003Cimg alt=\u0022Die minimierte Abdeckung der vogelabweisenden Pailletten macht die Saflex FlySafe 3D Folien ideal f\u00fcr den Einsatz bei Fassaden, Fenstern, Oberlichtern, Atriumgl\u00e4sern, Au\u00dfent\u00fcren, Balustraden, Glasbr\u00fccken und vieles mehr. \u0022 loading=\u0022eager\u0022 data-caption-hide width=\u0022597\u0022 height=\u0022398\u0022 data-zoomed=\u0022https:\/\/www.glaswelt.de\/sites\/default\/files\/styles\/content__zoomed\/public\/aurora\/2022\/05\/194081.jpeg?itok=9Dgoh-HK\u0022 src=\u0022\/sites\/default\/files\/styles\/teaser_standard__s\/public\/aurora\/2022\/05\/194081.jpeg?itok=ElB-A0Lr\u0022 title=\u0022\u00a9 Eastman\n\u0022 \/\u003E\n\n    \u003C\/picture\u003E\n      \u003Cfigcaption class=\u0022image--figcaption\u0022\u003E\n          \u003Cdiv class=\u0022copyright\u0022\u003EEastman\n\u003C\/div\u003E\n          \u003C\/figcaption\u003E\n\u003C\/figure\u003E\n\n\n    \u003C\/div\u003E\n    \u003Cdiv class=\u0022teaser-content\u0022\u003E\n                    \u003Cdiv class=\u0022teaser-content--kicker\u0022\u003E\n                    Eastman stellt PVB-Zwischenlagen f\u00fcr Vogelschutzglas vor\n        \u003C\/div\u003E\n                                              \n                        \n        \u003Ch4 class=\u0022teaser-content--headline\u0022\u003E\n                                So wird Vogelschutzglas \n                              \u003Cspan class=\u0022headline-last-word-arrow\u0022\u003Esch\u00f6n                      \u003C\/span\u003E\n        \u003C\/h4\u003E\n            \u003Cdiv class=\u0022teaser-content--body\u0022\u003E\u003Cp\u003EMit Saflex FlySafe 3D stellt Eastman eine neue PVB-Zwischenlage vor, die eine wirksame Methode darstellt, um V\u00f6gel vor Kollisionen mit Glasfassaden abzuhalten und zudem hochtransparente Scheiben-Aufbauten erm\u00f6glicht.\u003C\/p\u003E\n\u003C\/div\u003E\n                        \u003Cspan class=\u0022read-more-arrow-container\u0022\u003E\n            \u003Cspan class=\u0022read-more-angled-arrow\u0022\u003E \u003C\/span\u003E\n          \u003C\/span\u003E\n                  \u003C\/div\u003E\n    \u003C\/a\u003E\n","entity_type":"node","used_ids":[""],"show_more":"\u003Cdiv class=\u0022del-show-more\u0022\u003E\u003Ca href=\u0022\/ajax\/del\/2fac5ed2-47c7-40e7-bfeb-96144f65c03d\/paragraph\/16\/9\/asc\/eyJub2RlIjp7ImlkIjoiMTU2MzIyIiwidHlwZSI6InBhZ2UifX0%3D\u0022 title=\u0022Mehr Elemente anzeigen\u0022 class=\u0022del-show-more-link use-ajax\u0022 rel=\u0022nofollow\u0022 data-target-type=\u0022node\u0022 aria-controls=\u0022del--paragraph-573380--content\u0022 aria-label=\u0022Mehr Elemente anzeigen\u0022\u003EMehr anzeigen\u003C\/a\u003E\u003C\/div\u003E\n"}]