[{"command":"settings","settings":{"pluralDelimiter":"\u0003","suppressDeprecationErrors":true,"ajaxPageState":{"libraries":"eJxLzi9K1S_ITC4pLUpNy8zJ0UmpzEvMzUyOT80rySypjM_JLC7RL87IL4_PBaoEALH_EqY","theme":"ivory","theme_token":null},"ajaxTrustedUrl":[],"user":{"uid":0,"permissionsHash":"9c975576f1b96e43d31b3ff34c1ca6b53b6096ff14d83974ef00f2d68011e8fb"}},"merge":true},{"command":"add_css","data":[{"rel":"stylesheet","media":"all","href":"\/core\/themes\/stable9\/css\/core\/components\/progress.module.css?te7139"},{"rel":"stylesheet","media":"all","href":"\/core\/themes\/stable9\/css\/core\/components\/ajax-progress.module.css?te7139"},{"rel":"stylesheet","media":"all","href":"\/themes\/contrib\/gin\/dist\/css\/components\/ajax.css?te7139"}]},{"command":"add_js","selector":"body","data":[{"src":"\/core\/assets\/vendor\/jquery\/jquery.min.js?v=4.0.0"},{"src":"\/sites\/default\/files\/js\/js_ylOA3P3aB3m7tppiwUxKjsWKKReOmdQeJ0pEIXJOVLE.js?scope=footer\u0026delta=1\u0026language=de-gw\u0026theme=ivory\u0026include=eJxLqcxLzM1Mjk_NK8ksqYzPySwu0S_OyC-Pz80vSgUAtBcL_w"}]},{"command":"showMoreTeasers","id":"del--paragraph-716568","content":"\u003Ca href=\u0022\/fenster\/wir-sehen-weiterhin-hohe-zweistellige-wachstumsraten\u0022  class=\u0022teaser teaser--standard\u0022 aria-label=\u0022\u201eWir\u00a0sehen weiterhin hohe zweistellige Wachstumsraten\u201c\u0022\u003E\n      \u003Cdiv class=\u0022teaser-content--image\u0022\u003E\n        \u003Cfigure class=\u0022image--figure\u0022\u003E\n        \u003Cpicture\u003E\n                        \u003Csource srcset=\u0022\/sites\/default\/files\/styles\/teaser_standard__m\/public\/aurora\/2023\/07\/295338.jpeg.webp?itok=9fBYavLK 1x\u0022 media=\u0022(min-width: 48.0625em) and (max-width: 64em)\u0022 type=\u0022image\/webp\u0022 width=\u0022265\u0022 height=\u0022242\u0022\/\u003E\n                  \u003Csource srcset=\u0022\/sites\/default\/files\/styles\/teaser_standard__l\/public\/aurora\/2023\/07\/295338.jpeg.webp?itok=V93iAYO2 1x\u0022 media=\u0022(min-width: 64.0625em)\u0022 type=\u0022image\/webp\u0022 width=\u0022166\u0022 height=\u0022152\u0022\/\u003E\n                  \u003Csource srcset=\u0022\/sites\/default\/files\/styles\/teaser_standard__m\/public\/aurora\/2023\/07\/295338.jpeg?itok=apxjj4CJ 1x\u0022 media=\u0022(min-width: 48.0625em) and (max-width: 64em)\u0022 type=\u0022image\/jpeg\u0022 width=\u0022265\u0022 height=\u0022242\u0022\/\u003E\n                  \u003Csource srcset=\u0022\/sites\/default\/files\/styles\/teaser_standard__l\/public\/aurora\/2023\/07\/295338.jpeg?itok=yt803LaH 1x\u0022 media=\u0022(min-width: 64.0625em)\u0022 type=\u0022image\/jpeg\u0022 width=\u0022166\u0022 height=\u0022152\u0022\/\u003E\n                          \u003Cimg alt=\u0022Philipp Neuffer, CEO der Neuffer Fenster + T\u00fcren GmbH.\u0022 loading=\u0022eager\u0022 data-caption-hide width=\u0022435\u0022 height=\u0022398\u0022 data-zoomed=\u0022https:\/\/www.glaswelt.de\/sites\/default\/files\/styles\/content__zoomed\/public\/aurora\/2023\/07\/295338.jpeg?itok=xQ_D_lkr\u0022 src=\u0022\/sites\/default\/files\/styles\/teaser_standard__s\/public\/aurora\/2023\/07\/295338.jpeg?itok=xwZ_P8yK\u0022 title=\u0022\u00a9 Neuffer Fenster + T\u00fcren GmbH\n\u0022 \/\u003E\n\n    \u003C\/picture\u003E\n      \u003Cfigcaption class=\u0022image--figcaption\u0022\u003E\n          \u003Cdiv class=\u0022copyright\u0022\u003ENeuffer Fenster + T\u00fcren GmbH\n\u003C\/div\u003E\n          \u003C\/figcaption\u003E\n\u003C\/figure\u003E\n\n\n    \u003C\/div\u003E\n    \u003Cdiv class=\u0022teaser-content\u0022\u003E\n                    \u003Cdiv class=\u0022teaser-content--kicker\u0022\u003E\n                    \n        \u003C\/div\u003E\n                                              \n                        \n        \u003Ch4 class=\u0022teaser-content--headline\u0022\u003E\n                                \u201eWir\u00a0sehen weiterhin hohe zweistellige \n                              \u003Cspan class=\u0022headline-last-word-arrow\u0022\u003EWachstumsraten\u201c                      \u003C\/span\u003E\n        \u003C\/h4\u003E\n            \u003Cdiv class=\u0022teaser-content--body\u0022\u003E\u003Cp\u003EPhilipp Neuffer \u201abastelte\u2018 2005 an dem ersten Online-Konfigurator f\u00fcr Fenster und T\u00fcren und fokussierte sich mit Neuffer Fenster und T\u00fcren auf das Onlinegesch\u00e4ft. Das war der Startschuss f\u00fcr eine furiose Unternehmensentwicklung, die auch noch lange nicht vorbei ist. Zu den wichtigsten Meilensteinen in diesem Jahr z\u00e4hlt der Werbedeal mit Boris Becker (\u201eSchmei\u00dfen Sie Ihr Geld nicht aus dem Fenster\u201c)\u003C\/p\u003E\n\u003C\/div\u003E\n                        \u003Cspan class=\u0022read-more-arrow-container\u0022\u003E\n            \u003Cspan class=\u0022read-more-angled-arrow\u0022\u003E \u003C\/span\u003E\n          \u003C\/span\u003E\n                  \u003C\/div\u003E\n    \u003C\/a\u003E\n\u003Ca href=\u0022\/sonnenschutz\/roland-thoma-geschaeftsfuehrer-roma-kg-qualitaet-kundennaehe-verlaesslichkeit\u0022  class=\u0022teaser teaser--standard\u0022 aria-label=\u0022\u201eQualit\u00e4t, Kundenn\u00e4he, Verl\u00e4sslichkeit\u201c\u0022\u003E\n      \u003Cdiv class=\u0022teaser-content--image\u0022\u003E\n        \u003Cfigure class=\u0022image--figure\u0022\u003E\n        \u003Cpicture\u003E\n                        \u003Csource srcset=\u0022\/sites\/default\/files\/styles\/teaser_standard__m\/public\/aurora\/2023\/07\/293558.jpeg.webp?itok=_AwUrXvg 1x\u0022 media=\u0022(min-width: 48.0625em) and (max-width: 64em)\u0022 type=\u0022image\/webp\u0022 width=\u0022290\u0022 height=\u0022242\u0022\/\u003E\n                  \u003Csource srcset=\u0022\/sites\/default\/files\/styles\/teaser_standard__l\/public\/aurora\/2023\/07\/293558.jpeg.webp?itok=t4y8ySqV 1x\u0022 media=\u0022(min-width: 64.0625em)\u0022 type=\u0022image\/webp\u0022 width=\u0022182\u0022 height=\u0022152\u0022\/\u003E\n                  \u003Csource srcset=\u0022\/sites\/default\/files\/styles\/teaser_standard__m\/public\/aurora\/2023\/07\/293558.jpeg?itok=jMrpEN8y 1x\u0022 media=\u0022(min-width: 48.0625em) and (max-width: 64em)\u0022 type=\u0022image\/jpeg\u0022 width=\u0022290\u0022 height=\u0022242\u0022\/\u003E\n                  \u003Csource srcset=\u0022\/sites\/default\/files\/styles\/teaser_standard__l\/public\/aurora\/2023\/07\/293558.jpeg?itok=J6XDYCSU 1x\u0022 media=\u0022(min-width: 64.0625em)\u0022 type=\u0022image\/jpeg\u0022 width=\u0022182\u0022 height=\u0022152\u0022\/\u003E\n                          \u003Cimg alt=\u0022Roland Thoma, Gesch\u00e4ftsf\u00fchrer Roma KG\u0022 loading=\u0022eager\u0022 data-caption-hide width=\u0022477\u0022 height=\u0022398\u0022 data-zoomed=\u0022https:\/\/www.glaswelt.de\/sites\/default\/files\/styles\/content__zoomed\/public\/aurora\/2023\/07\/293558.jpeg?itok=_DRCHyRN\u0022 src=\u0022\/sites\/default\/files\/styles\/teaser_standard__s\/public\/aurora\/2023\/07\/293558.jpeg?itok=6HA-Id3A\u0022 title=\u0022\u00a9 Roma\n\u0022 \/\u003E\n\n    \u003C\/picture\u003E\n      \u003Cfigcaption class=\u0022image--figcaption\u0022\u003E\n          \u003Cdiv class=\u0022copyright\u0022\u003ERoma\n\u003C\/div\u003E\n          \u003C\/figcaption\u003E\n\u003C\/figure\u003E\n\n\n    \u003C\/div\u003E\n    \u003Cdiv class=\u0022teaser-content\u0022\u003E\n                    \u003Cdiv class=\u0022teaser-content--kicker\u0022\u003E\n                    Roland Thoma, Gesch\u00e4ftsf\u00fchrer Roma KG\n        \u003C\/div\u003E\n                                              \n                        \n        \u003Ch4 class=\u0022teaser-content--headline\u0022\u003E\n                                \u201eQualit\u00e4t, Kundenn\u00e4he, \n                              \u003Cspan class=\u0022headline-last-word-arrow\u0022\u003EVerl\u00e4sslichkeit\u201c                      \u003C\/span\u003E\n        \u003C\/h4\u003E\n            \u003Cdiv class=\u0022teaser-content--body\u0022\u003E\u003Cp\u003ERoland Thoma setzt auf den Faktor Mensch und Umwelt: Einfach die eigenen Kunden und Mitarbeitenden wertsch\u00e4tzen und die Umwelt achten.\u003C\/p\u003E\n\u003C\/div\u003E\n                        \u003Cspan class=\u0022read-more-arrow-container\u0022\u003E\n            \u003Cspan class=\u0022read-more-angled-arrow\u0022\u003E \u003C\/span\u003E\n          \u003C\/span\u003E\n                  \u003C\/div\u003E\n    \u003C\/a\u003E\n\u003Ca href=\u0022\/sonnenschutz\/christian-steinberg-vorstand-global-market-warema-renkhoff-se-neue-fachkraefte-muessen\u0022  class=\u0022teaser teaser--standard\u0022 aria-label=\u0022\u201eNeue Fachkr\u00e4fte m\u00fcssen her\u201c\u0022\u003E\n      \u003Cdiv class=\u0022teaser-content--image\u0022\u003E\n        \u003Cfigure class=\u0022image--figure\u0022\u003E\n        \u003Cpicture\u003E\n                        \u003Csource srcset=\u0022\/sites\/default\/files\/styles\/teaser_standard__m\/public\/aurora\/2023\/06\/291806.jpeg.webp?itok=W1LeGMT1 1x\u0022 media=\u0022(min-width: 48.0625em) and (max-width: 64em)\u0022 type=\u0022image\/webp\u0022 width=\u0022323\u0022 height=\u0022215\u0022\/\u003E\n                  \u003Csource srcset=\u0022\/sites\/default\/files\/styles\/teaser_standard__l\/public\/aurora\/2023\/06\/291806.jpeg.webp?itok=JyLxSMXj 1x\u0022 media=\u0022(min-width: 64.0625em)\u0022 type=\u0022image\/webp\u0022 width=\u0022203\u0022 height=\u0022135\u0022\/\u003E\n                  \u003Csource srcset=\u0022\/sites\/default\/files\/styles\/teaser_standard__m\/public\/aurora\/2023\/06\/291806.jpeg?itok=f1dOHDhI 1x\u0022 media=\u0022(min-width: 48.0625em) and (max-width: 64em)\u0022 type=\u0022image\/jpeg\u0022 width=\u0022323\u0022 height=\u0022215\u0022\/\u003E\n                  \u003Csource srcset=\u0022\/sites\/default\/files\/styles\/teaser_standard__l\/public\/aurora\/2023\/06\/291806.jpeg?itok=6pqT5QZT 1x\u0022 media=\u0022(min-width: 64.0625em)\u0022 type=\u0022image\/jpeg\u0022 width=\u0022203\u0022 height=\u0022135\u0022\/\u003E\n                          \u003Cimg alt=\u0022Christian Steinberg, Vorstand Global Market, Warema Renkhoff SE\u0022 loading=\u0022eager\u0022 data-caption-hide width=\u0022597\u0022 height=\u0022398\u0022 data-zoomed=\u0022https:\/\/www.glaswelt.de\/sites\/default\/files\/styles\/content__zoomed\/public\/aurora\/2023\/06\/291806.jpeg?itok=o0Z87KYR\u0022 src=\u0022\/sites\/default\/files\/styles\/teaser_standard__s\/public\/aurora\/2023\/06\/291806.jpeg?itok=ShG0XDpd\u0022 title=\u0022\u00a9 Warema\n\u0022 \/\u003E\n\n    \u003C\/picture\u003E\n      \u003Cfigcaption class=\u0022image--figcaption\u0022\u003E\n          \u003Cdiv class=\u0022copyright\u0022\u003EWarema\n\u003C\/div\u003E\n          \u003C\/figcaption\u003E\n\u003C\/figure\u003E\n\n\n    \u003C\/div\u003E\n    \u003Cdiv class=\u0022teaser-content\u0022\u003E\n                    \u003Cdiv class=\u0022teaser-content--kicker\u0022\u003E\n                    Christian Steinberg, Vorstand Global Market, Warema Renkhoff SE\n        \u003C\/div\u003E\n                                              \n                        \n        \u003Ch4 class=\u0022teaser-content--headline\u0022\u003E\n                                \u201eNeue Fachkr\u00e4fte m\u00fcssen \n                              \u003Cspan class=\u0022headline-last-word-arrow\u0022\u003Eher\u201c                      \u003C\/span\u003E\n        \u003C\/h4\u003E\n            \u003Cdiv class=\u0022teaser-content--body\u0022\u003E\u003Cp\u003EInsgesamt ist Christian Steinberg zuversichtlich und sieht die Potenziale, die Sonnenschutzprodukte in der energetischen Sanierung haben. Das\u0026nbsp;Wohnraum fehlt, sei eine gro\u00dfe Chance f\u00fcr die Branche.\u003C\/p\u003E\n\u003C\/div\u003E\n                        \u003Cspan class=\u0022read-more-arrow-container\u0022\u003E\n            \u003Cspan class=\u0022read-more-angled-arrow\u0022\u003E \u003C\/span\u003E\n          \u003C\/span\u003E\n                  \u003C\/div\u003E\n    \u003C\/a\u003E\n\u003Ca href=\u0022\/sonnenschutz\/klaus-braun-geschaeftsfuehrer-alukon-kg-herausforderung-serielles-und-modulares-bauen\u0022  class=\u0022teaser teaser--standard\u0022 aria-label=\u0022\u201eHerausforderung serielles und modulares Bauen\u201c\u0022\u003E\n      \u003Cdiv class=\u0022teaser-content--image\u0022\u003E\n        \u003Cfigure class=\u0022image--figure\u0022\u003E\n        \u003Cpicture\u003E\n                        \u003Csource srcset=\u0022\/sites\/default\/files\/styles\/teaser_standard__m\/public\/aurora\/2023\/06\/291799.jpeg.webp?itok=jN8vbCaK 1x\u0022 media=\u0022(min-width: 48.0625em) and (max-width: 64em)\u0022 type=\u0022image\/webp\u0022 width=\u0022161\u0022 height=\u0022242\u0022\/\u003E\n                  \u003Csource srcset=\u0022\/sites\/default\/files\/styles\/teaser_standard__l\/public\/aurora\/2023\/06\/291799.jpeg.webp?itok=pjBFFjtk 1x\u0022 media=\u0022(min-width: 64.0625em)\u0022 type=\u0022image\/webp\u0022 width=\u0022101\u0022 height=\u0022152\u0022\/\u003E\n                  \u003Csource srcset=\u0022\/sites\/default\/files\/styles\/teaser_standard__m\/public\/aurora\/2023\/06\/291799.jpeg?itok=3rE1n9V9 1x\u0022 media=\u0022(min-width: 48.0625em) and (max-width: 64em)\u0022 type=\u0022image\/jpeg\u0022 width=\u0022161\u0022 height=\u0022242\u0022\/\u003E\n                  \u003Csource srcset=\u0022\/sites\/default\/files\/styles\/teaser_standard__l\/public\/aurora\/2023\/06\/291799.jpeg?itok=-8wK7vjX 1x\u0022 media=\u0022(min-width: 64.0625em)\u0022 type=\u0022image\/jpeg\u0022 width=\u0022101\u0022 height=\u0022152\u0022\/\u003E\n                          \u003Cimg alt=\u0022Klaus Braun, Gesch\u00e4ftsf\u00fchrer Alukon KG\u0022 loading=\u0022eager\u0022 data-caption-hide width=\u0022265\u0022 height=\u0022398\u0022 data-zoomed=\u0022https:\/\/www.glaswelt.de\/sites\/default\/files\/styles\/content__zoomed\/public\/aurora\/2023\/06\/291799.jpeg?itok=q_K2XooT\u0022 src=\u0022\/sites\/default\/files\/styles\/teaser_standard__s\/public\/aurora\/2023\/06\/291799.jpeg?itok=1XaMLn2V\u0022 title=\u0022\u00a9 Alukon\n\u0022 \/\u003E\n\n    \u003C\/picture\u003E\n      \u003Cfigcaption class=\u0022image--figcaption\u0022\u003E\n          \u003Cdiv class=\u0022copyright\u0022\u003EAlukon\n\u003C\/div\u003E\n          \u003C\/figcaption\u003E\n\u003C\/figure\u003E\n\n\n    \u003C\/div\u003E\n    \u003Cdiv class=\u0022teaser-content\u0022\u003E\n                    \u003Cdiv class=\u0022teaser-content--kicker\u0022\u003E\n                    Klaus Braun, Gesch\u00e4ftsf\u00fchrer Alukon KG\n        \u003C\/div\u003E\n                                              \n                        \n        \u003Ch4 class=\u0022teaser-content--headline\u0022\u003E\n                                \u201eHerausforderung serielles und modulares \n                              \u003Cspan class=\u0022headline-last-word-arrow\u0022\u003EBauen\u201c                      \u003C\/span\u003E\n        \u003C\/h4\u003E\n            \u003Cdiv class=\u0022teaser-content--body\u0022\u003E\u003Cp\u003EUm Planern und Architekten die t\u00e4gliche Planungsarbeit weiter zu vereinfachen, stellt Alukon sukzessive alle erforderlichen Produktinformationen des aktuellen Sortiments f\u00fcr Building Information Modeling (BIM) bereit.\u003C\/p\u003E\n\u003C\/div\u003E\n                        \u003Cspan class=\u0022read-more-arrow-container\u0022\u003E\n            \u003Cspan class=\u0022read-more-angled-arrow\u0022\u003E \u003C\/span\u003E\n          \u003C\/span\u003E\n                  \u003C\/div\u003E\n    \u003C\/a\u003E\n\u003Ca href=\u0022\/sonnenschutz\/klaus-wuchner-geschaeftsfuehrer-markilux-gmbh-co-kg-die-staerke-der-marke-ist\u0022  class=\u0022teaser teaser--standard\u0022 aria-label=\u0022\u201eDie St\u00e4rke der Marke ist entscheidend\u201c\u0022\u003E\n      \u003Cdiv class=\u0022teaser-content--image\u0022\u003E\n        \u003Cfigure class=\u0022image--figure\u0022\u003E\n        \u003Cpicture\u003E\n                        \u003Csource srcset=\u0022\/sites\/default\/files\/styles\/teaser_standard__m\/public\/aurora\/2023\/06\/291622.jpeg.webp?itok=AlVD-lKR 1x\u0022 media=\u0022(min-width: 48.0625em) and (max-width: 64em)\u0022 type=\u0022image\/webp\u0022 width=\u0022242\u0022 height=\u0022242\u0022\/\u003E\n                  \u003Csource srcset=\u0022\/sites\/default\/files\/styles\/teaser_standard__l\/public\/aurora\/2023\/06\/291622.jpeg.webp?itok=GQwfLo99 1x\u0022 media=\u0022(min-width: 64.0625em)\u0022 type=\u0022image\/webp\u0022 width=\u0022152\u0022 height=\u0022152\u0022\/\u003E\n                  \u003Csource srcset=\u0022\/sites\/default\/files\/styles\/teaser_standard__m\/public\/aurora\/2023\/06\/291622.jpeg?itok=naG7J9Wx 1x\u0022 media=\u0022(min-width: 48.0625em) and (max-width: 64em)\u0022 type=\u0022image\/jpeg\u0022 width=\u0022242\u0022 height=\u0022242\u0022\/\u003E\n                  \u003Csource srcset=\u0022\/sites\/default\/files\/styles\/teaser_standard__l\/public\/aurora\/2023\/06\/291622.jpeg?itok=GGYfDtI8 1x\u0022 media=\u0022(min-width: 64.0625em)\u0022 type=\u0022image\/jpeg\u0022 width=\u0022152\u0022 height=\u0022152\u0022\/\u003E\n                          \u003Cimg alt=\u0022Klaus Wuchner, Gesch\u00e4ftsf\u00fchrer markilux GmbH + Co. KG\u0022 loading=\u0022eager\u0022 data-caption-hide width=\u0022398\u0022 height=\u0022398\u0022 data-zoomed=\u0022https:\/\/www.glaswelt.de\/sites\/default\/files\/styles\/content__zoomed\/public\/aurora\/2023\/06\/291622.jpeg?itok=gsFaQIoO\u0022 src=\u0022\/sites\/default\/files\/styles\/teaser_standard__s\/public\/aurora\/2023\/06\/291622.jpeg?itok=J0mvg2KK\u0022 title=\u0022\u00a9 markilux\n\u0022 \/\u003E\n\n    \u003C\/picture\u003E\n      \u003Cfigcaption class=\u0022image--figcaption\u0022\u003E\n          \u003Cdiv class=\u0022copyright\u0022\u003Emarkilux\n\u003C\/div\u003E\n          \u003C\/figcaption\u003E\n\u003C\/figure\u003E\n\n\n    \u003C\/div\u003E\n    \u003Cdiv class=\u0022teaser-content\u0022\u003E\n                    \u003Cdiv class=\u0022teaser-content--kicker\u0022\u003E\n                    Klaus Wuchner, Gesch\u00e4ftsf\u00fchrer markilux GmbH + Co. KG\n        \u003C\/div\u003E\n                                              \n                        \n        \u003Ch4 class=\u0022teaser-content--headline\u0022\u003E\n                                \u201eDie St\u00e4rke der Marke ist \n                              \u003Cspan class=\u0022headline-last-word-arrow\u0022\u003Eentscheidend\u201c                      \u003C\/span\u003E\n        \u003C\/h4\u003E\n            \u003Cdiv class=\u0022teaser-content--body\u0022\u003E\u003Cp\u003EKlaus Wuchner redet nicht lange um den hei\u00dfen Brei herum. Der Endkunde und seine Wu\u0308nsche mu\u0308ssen klar im Fokus stehen. Schlie\u00dflich bestimmt er, was und wo er es kauft. Es ist somit wichtig, seinem Angebot einen besonderen Nutzen und Wert zu geben.\u003C\/p\u003E\n\u003C\/div\u003E\n                        \u003Cspan class=\u0022read-more-arrow-container\u0022\u003E\n            \u003Cspan class=\u0022read-more-angled-arrow\u0022\u003E \u003C\/span\u003E\n          \u003C\/span\u003E\n                  \u003C\/div\u003E\n    \u003C\/a\u003E\n\u003Ca href=\u0022\/sonnenschutz\/andreas-kopetschny-geschaeftsfuehrer-mhz-hachtel-gmbh-co-kg-sonnenschutz-wird\u0022  class=\u0022teaser teaser--standard\u0022 aria-label=\u0022\u201eSonnenschutz wird an Bedeutung gewinnen\u201c\u0022\u003E\n      \u003Cdiv class=\u0022teaser-content--image\u0022\u003E\n        \u003Cfigure class=\u0022image--figure\u0022\u003E\n        \u003Cpicture\u003E\n                        \u003Csource srcset=\u0022\/sites\/default\/files\/styles\/teaser_standard__m\/public\/aurora\/2023\/06\/291620.png.webp?itok=X2FQoLsH 1x\u0022 media=\u0022(min-width: 48.0625em) and (max-width: 64em)\u0022 type=\u0022image\/webp\u0022 width=\u0022183\u0022 height=\u0022242\u0022\/\u003E\n                  \u003Csource srcset=\u0022\/sites\/default\/files\/styles\/teaser_standard__l\/public\/aurora\/2023\/06\/291620.png.webp?itok=i9HU11eS 1x\u0022 media=\u0022(min-width: 64.0625em)\u0022 type=\u0022image\/webp\u0022 width=\u0022115\u0022 height=\u0022152\u0022\/\u003E\n                  \u003Csource srcset=\u0022\/sites\/default\/files\/styles\/teaser_standard__m\/public\/aurora\/2023\/06\/291620.png?itok=Bt2EQYca 1x\u0022 media=\u0022(min-width: 48.0625em) and (max-width: 64em)\u0022 type=\u0022image\/png\u0022 width=\u0022183\u0022 height=\u0022242\u0022\/\u003E\n                  \u003Csource srcset=\u0022\/sites\/default\/files\/styles\/teaser_standard__l\/public\/aurora\/2023\/06\/291620.png?itok=GhFbCBM7 1x\u0022 media=\u0022(min-width: 64.0625em)\u0022 type=\u0022image\/png\u0022 width=\u0022115\u0022 height=\u0022152\u0022\/\u003E\n                          \u003Cimg alt=\u0022Andreas Kopetschny, Gesch\u00e4ftsf\u00fchrer MHZ Hachtel GmbH \u0026amp; Co. KG\u0022 loading=\u0022eager\u0022 data-caption-hide width=\u0022301\u0022 height=\u0022398\u0022 data-zoomed=\u0022https:\/\/www.glaswelt.de\/sites\/default\/files\/styles\/content__zoomed\/public\/aurora\/2023\/06\/291620.png?itok=VLQVate2\u0022 src=\u0022\/sites\/default\/files\/styles\/teaser_standard__s\/public\/aurora\/2023\/06\/291620.png?itok=jBrasarX\u0022 title=\u0022\u00a9 MHZ\n\u0022 \/\u003E\n\n    \u003C\/picture\u003E\n      \u003Cfigcaption class=\u0022image--figcaption\u0022\u003E\n          \u003Cdiv class=\u0022copyright\u0022\u003EMHZ\n\u003C\/div\u003E\n          \u003C\/figcaption\u003E\n\u003C\/figure\u003E\n\n\n    \u003C\/div\u003E\n    \u003Cdiv class=\u0022teaser-content\u0022\u003E\n                    \u003Cdiv class=\u0022teaser-content--kicker\u0022\u003E\n                    Andreas Kopetschny, Gesch\u00e4ftsf\u00fchrer MHZ Hachtel GmbH \u0026amp; Co. KG\n        \u003C\/div\u003E\n                                              \n                        \n        \u003Ch4 class=\u0022teaser-content--headline\u0022\u003E\n                                \u201eSonnenschutz wird an Bedeutung \n                              \u003Cspan class=\u0022headline-last-word-arrow\u0022\u003Egewinnen\u201c                      \u003C\/span\u003E\n        \u003C\/h4\u003E\n            \u003Cdiv class=\u0022teaser-content--body\u0022\u003E\u003Cp\u003EKlare Aussage von MHZ: Intelligent angesteuerte Kombination von elektrisch angetriebenem innen- und au\u00dfenliegenden Sonnenschutz werden weiter an Bedeutung gewinnen.\u003C\/p\u003E\n\u003C\/div\u003E\n                        \u003Cspan class=\u0022read-more-arrow-container\u0022\u003E\n            \u003Cspan class=\u0022read-more-angled-arrow\u0022\u003E \u003C\/span\u003E\n          \u003C\/span\u003E\n                  \u003C\/div\u003E\n    \u003C\/a\u003E\n\u003Ca href=\u0022\/sonnenschutz\/bernd-folgner-geschaeftsfuehrer-folgner-gmbh-energetische-sanierung-als-chance\u0022  class=\u0022teaser teaser--standard\u0022 aria-label=\u0022\u201eEnergetische Sanierung als Chance\u201c\u0022\u003E\n      \u003Cdiv class=\u0022teaser-content--image\u0022\u003E\n        \u003Cfigure class=\u0022image--figure\u0022\u003E\n        \u003Cpicture\u003E\n                        \u003Csource srcset=\u0022\/sites\/default\/files\/styles\/teaser_standard__m\/public\/aurora\/2023\/06\/291616.png.webp?itok=VAt55y5Y 1x\u0022 media=\u0022(min-width: 48.0625em) and (max-width: 64em)\u0022 type=\u0022image\/webp\u0022 width=\u0022323\u0022 height=\u0022215\u0022\/\u003E\n                  \u003Csource srcset=\u0022\/sites\/default\/files\/styles\/teaser_standard__l\/public\/aurora\/2023\/06\/291616.png.webp?itok=-L6s11C9 1x\u0022 media=\u0022(min-width: 64.0625em)\u0022 type=\u0022image\/webp\u0022 width=\u0022203\u0022 height=\u0022135\u0022\/\u003E\n                  \u003Csource srcset=\u0022\/sites\/default\/files\/styles\/teaser_standard__m\/public\/aurora\/2023\/06\/291616.png?itok=8CI-FiGN 1x\u0022 media=\u0022(min-width: 48.0625em) and (max-width: 64em)\u0022 type=\u0022image\/png\u0022 width=\u0022323\u0022 height=\u0022215\u0022\/\u003E\n                  \u003Csource srcset=\u0022\/sites\/default\/files\/styles\/teaser_standard__l\/public\/aurora\/2023\/06\/291616.png?itok=z1RHwZTN 1x\u0022 media=\u0022(min-width: 64.0625em)\u0022 type=\u0022image\/png\u0022 width=\u0022203\u0022 height=\u0022135\u0022\/\u003E\n                          \u003Cimg alt=\u0022Bernd Folgner, Gesch\u00e4ftsf\u00fchrer Folgner GmbH\u0022 loading=\u0022eager\u0022 data-caption-hide width=\u0022597\u0022 height=\u0022398\u0022 data-zoomed=\u0022https:\/\/www.glaswelt.de\/sites\/default\/files\/styles\/content__zoomed\/public\/aurora\/2023\/06\/291616.png?itok=W2izolCN\u0022 src=\u0022\/sites\/default\/files\/styles\/teaser_standard__s\/public\/aurora\/2023\/06\/291616.png?itok=gjhOjyKS\u0022 title=\u0022\u00a9 Folgner\n\u0022 \/\u003E\n\n    \u003C\/picture\u003E\n      \u003Cfigcaption class=\u0022image--figcaption\u0022\u003E\n          \u003Cdiv class=\u0022copyright\u0022\u003EFolgner\n\u003C\/div\u003E\n          \u003C\/figcaption\u003E\n\u003C\/figure\u003E\n\n\n    \u003C\/div\u003E\n    \u003Cdiv class=\u0022teaser-content\u0022\u003E\n                    \u003Cdiv class=\u0022teaser-content--kicker\u0022\u003E\n                    Bernd Folgner, Gesch\u00e4ftsf\u00fchrer Folgner GmbH\n        \u003C\/div\u003E\n                                              \n                        \n        \u003Ch4 class=\u0022teaser-content--headline\u0022\u003E\n                                \u201eEnergetische Sanierung als \n                              \u003Cspan class=\u0022headline-last-word-arrow\u0022\u003EChance\u201c                      \u003C\/span\u003E\n        \u003C\/h4\u003E\n            \u003Cdiv class=\u0022teaser-content--body\u0022\u003E\u003Cp\u003EDen Schl\u00fcssel zum Erfolg sieht Bernd Folgner in der energetischen Sanierung, aber auch dem Hitzeschutz an Geb\u00e4uden, und damit gute Perspektiven der Branche f\u00fcr die Zukunft.\u003C\/p\u003E\n\u003C\/div\u003E\n                        \u003Cspan class=\u0022read-more-arrow-container\u0022\u003E\n            \u003Cspan class=\u0022read-more-angled-arrow\u0022\u003E \u003C\/span\u003E\n          \u003C\/span\u003E\n                  \u003C\/div\u003E\n    \u003C\/a\u003E\n\u003Ca href=\u0022\/sonnenschutz\/roland-kraus-geschaeftsfuehrer-gerhard-geiger-gmbh-co-kg-wir-muessen-innovativ-sein\u0022  class=\u0022teaser teaser--standard\u0022 aria-label=\u0022\u201eWir m\u00fcssen innovativ sein\u201c\u0022\u003E\n      \u003Cdiv class=\u0022teaser-content--image\u0022\u003E\n        \u003Cfigure class=\u0022image--figure\u0022\u003E\n        \u003Cpicture\u003E\n                        \u003Csource srcset=\u0022\/sites\/default\/files\/styles\/teaser_standard__m\/public\/aurora\/2023\/06\/291614.jpeg.webp?itok=FL77ISOi 1x\u0022 media=\u0022(min-width: 48.0625em) and (max-width: 64em)\u0022 type=\u0022image\/webp\u0022 width=\u0022161\u0022 height=\u0022242\u0022\/\u003E\n                  \u003Csource srcset=\u0022\/sites\/default\/files\/styles\/teaser_standard__l\/public\/aurora\/2023\/06\/291614.jpeg.webp?itok=gJuwSPPt 1x\u0022 media=\u0022(min-width: 64.0625em)\u0022 type=\u0022image\/webp\u0022 width=\u0022101\u0022 height=\u0022152\u0022\/\u003E\n                  \u003Csource srcset=\u0022\/sites\/default\/files\/styles\/teaser_standard__m\/public\/aurora\/2023\/06\/291614.jpeg?itok=5folj1VF 1x\u0022 media=\u0022(min-width: 48.0625em) and (max-width: 64em)\u0022 type=\u0022image\/jpeg\u0022 width=\u0022161\u0022 height=\u0022242\u0022\/\u003E\n                  \u003Csource srcset=\u0022\/sites\/default\/files\/styles\/teaser_standard__l\/public\/aurora\/2023\/06\/291614.jpeg?itok=1Ibfun99 1x\u0022 media=\u0022(min-width: 64.0625em)\u0022 type=\u0022image\/jpeg\u0022 width=\u0022101\u0022 height=\u0022152\u0022\/\u003E\n                          \u003Cimg alt=\u0022Roland Kraus, Gesch\u00e4ftsf\u00fchrer Gerhard Geiger GmbH \u0026amp; Co. KG\u0022 loading=\u0022eager\u0022 data-caption-hide width=\u0022265\u0022 height=\u0022398\u0022 data-zoomed=\u0022https:\/\/www.glaswelt.de\/sites\/default\/files\/styles\/content__zoomed\/public\/aurora\/2023\/06\/291614.jpeg?itok=nUBV2xyf\u0022 src=\u0022\/sites\/default\/files\/styles\/teaser_standard__s\/public\/aurora\/2023\/06\/291614.jpeg?itok=bC3iEbo_\u0022 title=\u0022\u00a9 Geiger\n\u0022 \/\u003E\n\n    \u003C\/picture\u003E\n      \u003Cfigcaption class=\u0022image--figcaption\u0022\u003E\n          \u003Cdiv class=\u0022copyright\u0022\u003EGeiger\n\u003C\/div\u003E\n          \u003C\/figcaption\u003E\n\u003C\/figure\u003E\n\n\n    \u003C\/div\u003E\n    \u003Cdiv class=\u0022teaser-content\u0022\u003E\n                    \u003Cdiv class=\u0022teaser-content--kicker\u0022\u003E\n                    Roland Kraus, Gesch\u00e4ftsf\u00fchrer Gerhard Geiger GmbH \u0026amp; Co. KG\n        \u003C\/div\u003E\n                                              \n                        \n        \u003Ch4 class=\u0022teaser-content--headline\u0022\u003E\n                                \u201eWir m\u00fcssen innovativ \n                              \u003Cspan class=\u0022headline-last-word-arrow\u0022\u003Esein\u201c                      \u003C\/span\u003E\n        \u003C\/h4\u003E\n            \u003Cdiv class=\u0022teaser-content--body\u0022\u003E\u003Cp\u003EF\u00fcr Roland Kraus ist es wichtig, dass die Unternehmen\u0026nbsp;in der Branche innovativ sein m\u00fcssen, um Entwicklungs- und Produktionsprozesse kontinuierlich zu optimieren, und exzellenten Kundenservice zu bieten, um somit schnell auf Marktver\u00e4nderungen reagieren zu k\u00f6nnen.\u003C\/p\u003E\n\u003C\/div\u003E\n                        \u003Cspan class=\u0022read-more-arrow-container\u0022\u003E\n            \u003Cspan class=\u0022read-more-angled-arrow\u0022\u003E \u003C\/span\u003E\n          \u003C\/span\u003E\n                  \u003C\/div\u003E\n    \u003C\/a\u003E\n\u003Ca href=\u0022\/sonnenschutz\/ludger-stracke-geschaeftsfuehrer-selve-gmbh-co-kg-kundenorientierung-ist-wichtig\u0022  class=\u0022teaser teaser--standard\u0022 aria-label=\u0022\u201eKundenorientierung ist wichtig\u201c\u0022\u003E\n      \u003Cdiv class=\u0022teaser-content--image\u0022\u003E\n        \u003Cfigure class=\u0022image--figure\u0022\u003E\n        \u003Cpicture\u003E\n                        \u003Csource srcset=\u0022\/sites\/default\/files\/styles\/teaser_standard__m\/public\/aurora\/2023\/06\/291612.jpeg.webp?itok=-fVFBmf2 1x\u0022 media=\u0022(min-width: 48.0625em) and (max-width: 64em)\u0022 type=\u0022image\/webp\u0022 width=\u0022323\u0022 height=\u0022198\u0022\/\u003E\n                  \u003Csource srcset=\u0022\/sites\/default\/files\/styles\/teaser_standard__l\/public\/aurora\/2023\/06\/291612.jpeg.webp?itok=eVAv_x1c 1x\u0022 media=\u0022(min-width: 64.0625em)\u0022 type=\u0022image\/webp\u0022 width=\u0022203\u0022 height=\u0022124\u0022\/\u003E\n                  \u003Csource srcset=\u0022\/sites\/default\/files\/styles\/teaser_standard__m\/public\/aurora\/2023\/06\/291612.jpeg?itok=qZrUIfEW 1x\u0022 media=\u0022(min-width: 48.0625em) and (max-width: 64em)\u0022 type=\u0022image\/jpeg\u0022 width=\u0022323\u0022 height=\u0022198\u0022\/\u003E\n                  \u003Csource srcset=\u0022\/sites\/default\/files\/styles\/teaser_standard__l\/public\/aurora\/2023\/06\/291612.jpeg?itok=e9ZhXihF 1x\u0022 media=\u0022(min-width: 64.0625em)\u0022 type=\u0022image\/jpeg\u0022 width=\u0022203\u0022 height=\u0022124\u0022\/\u003E\n                          \u003Cimg alt=\u0022Ludger Stracke, Gesch\u00e4ftsf\u00fchrer Selve GmbH \u0026amp; Co. KG\u0022 loading=\u0022eager\u0022 data-caption-hide width=\u0022651\u0022 height=\u0022398\u0022 data-zoomed=\u0022https:\/\/www.glaswelt.de\/sites\/default\/files\/styles\/content__zoomed\/public\/aurora\/2023\/06\/291612.jpeg?itok=5e1uHdA8\u0022 src=\u0022\/sites\/default\/files\/styles\/teaser_standard__s\/public\/aurora\/2023\/06\/291612.jpeg?itok=yEgMdKxG\u0022 title=\u0022\u00a9 Selve\n\u0022 \/\u003E\n\n    \u003C\/picture\u003E\n      \u003Cfigcaption class=\u0022image--figcaption\u0022\u003E\n          \u003Cdiv class=\u0022copyright\u0022\u003ESelve\n\u003C\/div\u003E\n          \u003C\/figcaption\u003E\n\u003C\/figure\u003E\n\n\n    \u003C\/div\u003E\n    \u003Cdiv class=\u0022teaser-content\u0022\u003E\n                    \u003Cdiv class=\u0022teaser-content--kicker\u0022\u003E\n                    Ludger Stracke, Gesch\u00e4ftsf\u00fchrer Selve GmbH \u0026amp; Co. KG\n        \u003C\/div\u003E\n                                              \n                        \n        \u003Ch4 class=\u0022teaser-content--headline\u0022\u003E\n                                \u201eKundenorientierung ist \n                              \u003Cspan class=\u0022headline-last-word-arrow\u0022\u003Ewichtig\u201c                      \u003C\/span\u003E\n        \u003C\/h4\u003E\n            \u003Cdiv class=\u0022teaser-content--body\u0022\u003E\u003Cp\u003EDie H\u00fcrden im t\u00e4glichen Gesch\u00e4ft mit Kunden sieht Ludger Stracke insbesondere im Bereich des Fachkr\u00e4ftemangels \/ -nachwuchses, einer ausufernden B\u00fcrokratie, der Geschwindigkeit im Bereich der Digitalisierung und den gigantischen Herausforderungen zum Thema Nachhaltigkeit.\u0026nbsp;\u003C\/p\u003E\n\u003C\/div\u003E\n                        \u003Cspan class=\u0022read-more-arrow-container\u0022\u003E\n            \u003Cspan class=\u0022read-more-angled-arrow\u0022\u003E \u003C\/span\u003E\n          \u003C\/span\u003E\n                  \u003C\/div\u003E\n    \u003C\/a\u003E\n\u003Ca href=\u0022\/sonnenschutz\/ingo-plueck-geschaeftsfuehrer-bundesverband-rollladen-sonnenschutz-ev-digitalisierung\u0022  class=\u0022teaser teaser--standard\u0022 aria-label=\u0022\u201eDigitalisierung muss ausgebaut werden\u201c\u0022\u003E\n      \u003Cdiv class=\u0022teaser-content--image\u0022\u003E\n        \u003Cfigure class=\u0022image--figure\u0022\u003E\n        \u003Cpicture\u003E\n                        \u003Csource srcset=\u0022\/sites\/default\/files\/styles\/teaser_standard__m\/public\/aurora\/2023\/06\/291608.jpeg.webp?itok=uR6By56- 1x\u0022 media=\u0022(min-width: 48.0625em) and (max-width: 64em)\u0022 type=\u0022image\/webp\u0022 width=\u0022323\u0022 height=\u0022217\u0022\/\u003E\n                  \u003Csource srcset=\u0022\/sites\/default\/files\/styles\/teaser_standard__l\/public\/aurora\/2023\/06\/291608.jpeg.webp?itok=T27D6CdJ 1x\u0022 media=\u0022(min-width: 64.0625em)\u0022 type=\u0022image\/webp\u0022 width=\u0022203\u0022 height=\u0022136\u0022\/\u003E\n                  \u003Csource srcset=\u0022\/sites\/default\/files\/styles\/teaser_standard__m\/public\/aurora\/2023\/06\/291608.jpeg?itok=3r2FSlMM 1x\u0022 media=\u0022(min-width: 48.0625em) and (max-width: 64em)\u0022 type=\u0022image\/jpeg\u0022 width=\u0022323\u0022 height=\u0022217\u0022\/\u003E\n                  \u003Csource srcset=\u0022\/sites\/default\/files\/styles\/teaser_standard__l\/public\/aurora\/2023\/06\/291608.jpeg?itok=MgkqWWeq 1x\u0022 media=\u0022(min-width: 64.0625em)\u0022 type=\u0022image\/jpeg\u0022 width=\u0022203\u0022 height=\u0022136\u0022\/\u003E\n                          \u003Cimg alt=\u0022Ingo Pl\u00fcck, Gesch\u00e4ftsf\u00fchrer Bundesverband Rollladen + Sonnenschutz e.V.\u0022 loading=\u0022eager\u0022 data-caption-hide width=\u0022593\u0022 height=\u0022398\u0022 data-zoomed=\u0022https:\/\/www.glaswelt.de\/sites\/default\/files\/styles\/content__zoomed\/public\/aurora\/2023\/06\/291608.jpeg?itok=HqVAVp4v\u0022 src=\u0022\/sites\/default\/files\/styles\/teaser_standard__s\/public\/aurora\/2023\/06\/291608.jpeg?itok=wGpN4nij\u0022 title=\u0022\u00a9 BVRS\n\u0022 \/\u003E\n\n    \u003C\/picture\u003E\n      \u003Cfigcaption class=\u0022image--figcaption\u0022\u003E\n          \u003Cdiv class=\u0022copyright\u0022\u003EBVRS\n\u003C\/div\u003E\n          \u003C\/figcaption\u003E\n\u003C\/figure\u003E\n\n\n    \u003C\/div\u003E\n    \u003Cdiv class=\u0022teaser-content\u0022\u003E\n                    \u003Cdiv class=\u0022teaser-content--kicker\u0022\u003E\n                    Ingo Pl\u00fcck, Gesch\u00e4ftsf\u00fchrer Bundesverband Rollladen + Sonnenschutz e.V.\n        \u003C\/div\u003E\n                                              \n                        \n        \u003Ch4 class=\u0022teaser-content--headline\u0022\u003E\n                                \u201eDigitalisierung muss ausgebaut \n                              \u003Cspan class=\u0022headline-last-word-arrow\u0022\u003Ewerden\u201c                      \u003C\/span\u003E\n        \u003C\/h4\u003E\n            \u003Cdiv class=\u0022teaser-content--body\u0022\u003E\u003Cp\u003EIngo Pl\u00fcck hat eine klare Meinung: Wir brauchen eine wirkliche Gleichwertigkeit von Ausbildung und Studium. Erst dann k\u00f6nnen wir den Nachwuchs und auch die Eltern wirklich davon \u00fcberzeugen, dass er in unserer Branche aktiv am Klimaschutz mitarbeiten und eine nachhaltige Zukunft mit gestalten kann. Damit liegt er voll auf einer Wellenl\u00e4nge mit Hans-Peter Wollseifer, dem Pr\u00e4sident der K\u00f6lner Handwerkskammer (siehe GW Gespr\u00e4ch GW 07).\u003C\/p\u003E\n\u003C\/div\u003E\n                        \u003Cspan class=\u0022read-more-arrow-container\u0022\u003E\n            \u003Cspan class=\u0022read-more-angled-arrow\u0022\u003E \u003C\/span\u003E\n          \u003C\/span\u003E\n                  \u003C\/div\u003E\n    \u003C\/a\u003E\n\u003Ca href=\u0022\/sonnenschutz\/sandra-musculus-prokuristin-georg-musculus-gmbh-co-kg-praesidentin-industrieverband\u0022  class=\u0022teaser teaser--standard\u0022 aria-label=\u0022\u201eAutomatisierter Sonnenschutz ist unverzichtbar\u201c\u0022\u003E\n      \u003Cdiv class=\u0022teaser-content--image\u0022\u003E\n        \u003Cfigure class=\u0022image--figure\u0022\u003E\n        \u003Cpicture\u003E\n                        \u003Csource srcset=\u0022\/sites\/default\/files\/styles\/teaser_standard__m\/public\/aurora\/2023\/06\/291599.jpeg.webp?itok=cU2qM4WL 1x\u0022 media=\u0022(min-width: 48.0625em) and (max-width: 64em)\u0022 type=\u0022image\/webp\u0022 width=\u0022161\u0022 height=\u0022242\u0022\/\u003E\n                  \u003Csource srcset=\u0022\/sites\/default\/files\/styles\/teaser_standard__l\/public\/aurora\/2023\/06\/291599.jpeg.webp?itok=7aEUe-MV 1x\u0022 media=\u0022(min-width: 64.0625em)\u0022 type=\u0022image\/webp\u0022 width=\u0022101\u0022 height=\u0022152\u0022\/\u003E\n                  \u003Csource srcset=\u0022\/sites\/default\/files\/styles\/teaser_standard__m\/public\/aurora\/2023\/06\/291599.jpeg?itok=_TXZXKoB 1x\u0022 media=\u0022(min-width: 48.0625em) and (max-width: 64em)\u0022 type=\u0022image\/jpeg\u0022 width=\u0022161\u0022 height=\u0022242\u0022\/\u003E\n                  \u003Csource srcset=\u0022\/sites\/default\/files\/styles\/teaser_standard__l\/public\/aurora\/2023\/06\/291599.jpeg?itok=xeu9CzPY 1x\u0022 media=\u0022(min-width: 64.0625em)\u0022 type=\u0022image\/jpeg\u0022 width=\u0022101\u0022 height=\u0022152\u0022\/\u003E\n                          \u003Cimg alt=\u0022Sandra Musculus, Prokuristin Georg Musculus GmbH \u0026amp; Co. KG\u00a0 |\u00a0 Pr\u00e4sidentin Industrieverband ITRS\u0022 loading=\u0022eager\u0022 data-caption-hide width=\u0022265\u0022 height=\u0022398\u0022 data-zoomed=\u0022https:\/\/www.glaswelt.de\/sites\/default\/files\/styles\/content__zoomed\/public\/aurora\/2023\/06\/291599.jpeg?itok=_OHn1qAr\u0022 src=\u0022\/sites\/default\/files\/styles\/teaser_standard__s\/public\/aurora\/2023\/06\/291599.jpeg?itok=xPm9BLgE\u0022 title=\u0022\u00a9 Musculus\n\u0022 \/\u003E\n\n    \u003C\/picture\u003E\n      \u003Cfigcaption class=\u0022image--figcaption\u0022\u003E\n          \u003Cdiv class=\u0022copyright\u0022\u003EMusculus\n\u003C\/div\u003E\n          \u003C\/figcaption\u003E\n\u003C\/figure\u003E\n\n\n    \u003C\/div\u003E\n    \u003Cdiv class=\u0022teaser-content\u0022\u003E\n                    \u003Cdiv class=\u0022teaser-content--kicker\u0022\u003E\n                    Sandra Musculus, Prokuristin Georg Musculus GmbH \u0026amp; Co. KG\u00a0 |\u00a0 Pr\u00e4sidentin Industrieverband ITRS\n        \u003C\/div\u003E\n                                              \n                        \n        \u003Ch4 class=\u0022teaser-content--headline\u0022\u003E\n                                \u201eAutomatisierter Sonnenschutz ist \n                              \u003Cspan class=\u0022headline-last-word-arrow\u0022\u003Eunverzichtbar\u201c                      \u003C\/span\u003E\n        \u003C\/h4\u003E\n            \u003Cdiv class=\u0022teaser-content--body\u0022\u003E\u003Cp\u003ESandra Musculus ist der festen \u00dcberzeugung, dass automatisierter textiler Sonnenschutz unverzichtbarer Bestandteil des klimaangepassten und nachhaltigen Wohnens ist.\u003C\/p\u003E\n\u003C\/div\u003E\n                        \u003Cspan class=\u0022read-more-arrow-container\u0022\u003E\n            \u003Cspan class=\u0022read-more-angled-arrow\u0022\u003E \u003C\/span\u003E\n          \u003C\/span\u003E\n                  \u003C\/div\u003E\n    \u003C\/a\u003E\n\u003Ca href=\u0022\/sonnenschutz\/sebastian-schmid-mitglied-der-geschaeftsleitung-bei-der-messe-stuttgart-nachhaltigkeit\u0022  class=\u0022teaser teaser--standard\u0022 aria-label=\u0022\u201eNachhaltigkeit und Klimaschutz als Treiber\u201c\u0022\u003E\n      \u003Cdiv class=\u0022teaser-content--image\u0022\u003E\n        \u003Cfigure class=\u0022image--figure\u0022\u003E\n        \u003Cpicture\u003E\n                        \u003Csource srcset=\u0022\/sites\/default\/files\/styles\/teaser_standard__m\/public\/aurora\/2023\/06\/291585.jpeg.webp?itok=UpU23-36 1x\u0022 media=\u0022(min-width: 48.0625em) and (max-width: 64em)\u0022 type=\u0022image\/webp\u0022 width=\u0022161\u0022 height=\u0022242\u0022\/\u003E\n                  \u003Csource srcset=\u0022\/sites\/default\/files\/styles\/teaser_standard__l\/public\/aurora\/2023\/06\/291585.jpeg.webp?itok=o1VFcnX3 1x\u0022 media=\u0022(min-width: 64.0625em)\u0022 type=\u0022image\/webp\u0022 width=\u0022101\u0022 height=\u0022152\u0022\/\u003E\n                  \u003Csource srcset=\u0022\/sites\/default\/files\/styles\/teaser_standard__m\/public\/aurora\/2023\/06\/291585.jpeg?itok=UlT4brju 1x\u0022 media=\u0022(min-width: 48.0625em) and (max-width: 64em)\u0022 type=\u0022image\/jpeg\u0022 width=\u0022161\u0022 height=\u0022242\u0022\/\u003E\n                  \u003Csource srcset=\u0022\/sites\/default\/files\/styles\/teaser_standard__l\/public\/aurora\/2023\/06\/291585.jpeg?itok=tvHe16fK 1x\u0022 media=\u0022(min-width: 64.0625em)\u0022 type=\u0022image\/jpeg\u0022 width=\u0022101\u0022 height=\u0022152\u0022\/\u003E\n                          \u003Cimg alt=\u0022Sebastian Schmid, Mitglied der Gesch\u00e4ftsleitung bei der Messe Stuttgart\u0022 loading=\u0022eager\u0022 data-caption-hide width=\u0022265\u0022 height=\u0022398\u0022 data-zoomed=\u0022https:\/\/www.glaswelt.de\/sites\/default\/files\/styles\/content__zoomed\/public\/aurora\/2023\/06\/291585.jpeg?itok=rglBt2do\u0022 src=\u0022\/sites\/default\/files\/styles\/teaser_standard__s\/public\/aurora\/2023\/06\/291585.jpeg?itok=RalEfOvp\u0022 title=\u0022\u00a9 Landesmesse Stuttgart\n\u0022 \/\u003E\n\n    \u003C\/picture\u003E\n      \u003Cfigcaption class=\u0022image--figcaption\u0022\u003E\n          \u003Cdiv class=\u0022copyright\u0022\u003ELandesmesse Stuttgart\n\u003C\/div\u003E\n          \u003C\/figcaption\u003E\n\u003C\/figure\u003E\n\n\n    \u003C\/div\u003E\n    \u003Cdiv class=\u0022teaser-content\u0022\u003E\n                    \u003Cdiv class=\u0022teaser-content--kicker\u0022\u003E\n                    Sebastian Schmid, Mitglied der Gesch\u00e4ftsleitung bei der Messe Stuttgart\n        \u003C\/div\u003E\n                                              \n                        \n        \u003Ch4 class=\u0022teaser-content--headline\u0022\u003E\n                                \u201eNachhaltigkeit und Klimaschutz als \n                              \u003Cspan class=\u0022headline-last-word-arrow\u0022\u003ETreiber\u201c                      \u003C\/span\u003E\n        \u003C\/h4\u003E\n            \u003Cdiv class=\u0022teaser-content--body\u0022\u003E\u003Cp\u003EUnternehmen m\u00fcssen sich den \u00f6kologischen Herausforderungen stellen und ihre Gesch\u00e4ftsmodelle entsprechend anpassen, um langfristig erfolgreich zu sein. Die Landesmesse Stuttgart stellt sich den Herausforderungen und arbeitet permanent an einer nachhaltigen Perspektive.\u003C\/p\u003E\n\u003C\/div\u003E\n                        \u003Cspan class=\u0022read-more-arrow-container\u0022\u003E\n            \u003Cspan class=\u0022read-more-angled-arrow\u0022\u003E \u003C\/span\u003E\n          \u003C\/span\u003E\n                  \u003C\/div\u003E\n    \u003C\/a\u003E\n\u003Ca href=\u0022\/sonnenschutz\/frank-reisenauer-ceo-shadesign-gmbh-unternehmen-muessen-hochflexibel-reagieren-koennen\u0022  class=\u0022teaser teaser--standard\u0022 aria-label=\u0022\u201eUnternehmen m\u00fcssen hochflexibel reagieren k\u00f6nnen\u201c\u0022\u003E\n      \u003Cdiv class=\u0022teaser-content--image\u0022\u003E\n        \u003Cfigure class=\u0022image--figure\u0022\u003E\n        \u003Cpicture\u003E\n                        \u003Csource srcset=\u0022\/sites\/default\/files\/styles\/teaser_standard__m\/public\/aurora\/2023\/06\/291582.jpeg.webp?itok=v-zmOvKB 1x\u0022 media=\u0022(min-width: 48.0625em) and (max-width: 64em)\u0022 type=\u0022image\/webp\u0022 width=\u0022161\u0022 height=\u0022242\u0022\/\u003E\n                  \u003Csource srcset=\u0022\/sites\/default\/files\/styles\/teaser_standard__l\/public\/aurora\/2023\/06\/291582.jpeg.webp?itok=noxUp-ky 1x\u0022 media=\u0022(min-width: 64.0625em)\u0022 type=\u0022image\/webp\u0022 width=\u0022101\u0022 height=\u0022152\u0022\/\u003E\n                  \u003Csource srcset=\u0022\/sites\/default\/files\/styles\/teaser_standard__m\/public\/aurora\/2023\/06\/291582.jpeg?itok=LhqzFCKR 1x\u0022 media=\u0022(min-width: 48.0625em) and (max-width: 64em)\u0022 type=\u0022image\/jpeg\u0022 width=\u0022161\u0022 height=\u0022242\u0022\/\u003E\n                  \u003Csource srcset=\u0022\/sites\/default\/files\/styles\/teaser_standard__l\/public\/aurora\/2023\/06\/291582.jpeg?itok=BY5yNjDB 1x\u0022 media=\u0022(min-width: 64.0625em)\u0022 type=\u0022image\/jpeg\u0022 width=\u0022101\u0022 height=\u0022152\u0022\/\u003E\n                          \u003Cimg alt=\u0022Frank Reisenauer, CEO | Shadesign GmbH\u0022 loading=\u0022eager\u0022 data-caption-hide width=\u0022265\u0022 height=\u0022398\u0022 data-zoomed=\u0022https:\/\/www.glaswelt.de\/sites\/default\/files\/styles\/content__zoomed\/public\/aurora\/2023\/06\/291582.jpeg?itok=bBoLCkLa\u0022 src=\u0022\/sites\/default\/files\/styles\/teaser_standard__s\/public\/aurora\/2023\/06\/291582.jpeg?itok=s2e7aWZ-\u0022 title=\u0022\u00a9 Shadesign\n\u0022 \/\u003E\n\n    \u003C\/picture\u003E\n      \u003Cfigcaption class=\u0022image--figcaption\u0022\u003E\n          \u003Cdiv class=\u0022copyright\u0022\u003EShadesign\n\u003C\/div\u003E\n          \u003C\/figcaption\u003E\n\u003C\/figure\u003E\n\n\n    \u003C\/div\u003E\n    \u003Cdiv class=\u0022teaser-content\u0022\u003E\n                    \u003Cdiv class=\u0022teaser-content--kicker\u0022\u003E\n                    Frank Reisenauer, CEO | Shadesign GmbH\n        \u003C\/div\u003E\n                                              \n                        \n        \u003Ch4 class=\u0022teaser-content--headline\u0022\u003E\n                                \u201eUnternehmen m\u00fcssen hochflexibel reagieren \n                              \u003Cspan class=\u0022headline-last-word-arrow\u0022\u003Ek\u00f6nnen\u201c                      \u003C\/span\u003E\n        \u003C\/h4\u003E\n            \u003Cdiv class=\u0022teaser-content--body\u0022\u003E\u003Cp\u003ESchnelligkeit ist das Ziel:\u0026nbsp;Frank Reisenauer ist davon \u00fcberzeugt das Schnelligkeit im t\u00e4glichen Business mit den Fachhandelskunden ein entscheidender Faktor ist und auch k\u00fcnftig noch mehr werden wird.\u003C\/p\u003E\n\u003C\/div\u003E\n                        \u003Cspan class=\u0022read-more-arrow-container\u0022\u003E\n            \u003Cspan class=\u0022read-more-angled-arrow\u0022\u003E \u003C\/span\u003E\n          \u003C\/span\u003E\n                  \u003C\/div\u003E\n    \u003C\/a\u003E\n\u003Ca href=\u0022\/sonnenschutz\/miriam-albrecht-geschaeftsfuehrerin-reflexa-werke-albrecht-gmbh-prozessoptimierungen\u0022  class=\u0022teaser teaser--standard\u0022 aria-label=\u0022\u201eProzessoptimierungen m\u00fcssen im Fokus stehen\u201c\u0022\u003E\n      \u003Cdiv class=\u0022teaser-content--image\u0022\u003E\n        \u003Cfigure class=\u0022image--figure\u0022\u003E\n        \u003Cpicture\u003E\n                        \u003Csource srcset=\u0022\/sites\/default\/files\/styles\/teaser_standard__m\/public\/aurora\/2023\/06\/291579.jpeg.webp?itok=6b3K-2w_ 1x\u0022 media=\u0022(min-width: 48.0625em) and (max-width: 64em)\u0022 type=\u0022image\/webp\u0022 width=\u0022161\u0022 height=\u0022242\u0022\/\u003E\n                  \u003Csource srcset=\u0022\/sites\/default\/files\/styles\/teaser_standard__l\/public\/aurora\/2023\/06\/291579.jpeg.webp?itok=IYupKRPc 1x\u0022 media=\u0022(min-width: 64.0625em)\u0022 type=\u0022image\/webp\u0022 width=\u0022101\u0022 height=\u0022152\u0022\/\u003E\n                  \u003Csource srcset=\u0022\/sites\/default\/files\/styles\/teaser_standard__m\/public\/aurora\/2023\/06\/291579.jpeg?itok=jrHXl-T3 1x\u0022 media=\u0022(min-width: 48.0625em) and (max-width: 64em)\u0022 type=\u0022image\/jpeg\u0022 width=\u0022161\u0022 height=\u0022242\u0022\/\u003E\n                  \u003Csource srcset=\u0022\/sites\/default\/files\/styles\/teaser_standard__l\/public\/aurora\/2023\/06\/291579.jpeg?itok=-_CPQlii 1x\u0022 media=\u0022(min-width: 64.0625em)\u0022 type=\u0022image\/jpeg\u0022 width=\u0022101\u0022 height=\u0022152\u0022\/\u003E\n                          \u003Cimg alt=\u0022Miriam Albrecht, Gesch\u00e4ftsf\u00fchrerin Reflexa-Werke Albrecht GmbH\u0022 loading=\u0022eager\u0022 data-caption-hide width=\u0022265\u0022 height=\u0022398\u0022 data-zoomed=\u0022https:\/\/www.glaswelt.de\/sites\/default\/files\/styles\/content__zoomed\/public\/aurora\/2023\/06\/291579.jpeg?itok=JiFmjBcb\u0022 src=\u0022\/sites\/default\/files\/styles\/teaser_standard__s\/public\/aurora\/2023\/06\/291579.jpeg?itok=1Nc3gpJb\u0022 title=\u0022\u00a9 Reflexa\n\u0022 \/\u003E\n\n    \u003C\/picture\u003E\n      \u003Cfigcaption class=\u0022image--figcaption\u0022\u003E\n          \u003Cdiv class=\u0022copyright\u0022\u003EReflexa\n\u003C\/div\u003E\n          \u003C\/figcaption\u003E\n\u003C\/figure\u003E\n\n\n    \u003C\/div\u003E\n    \u003Cdiv class=\u0022teaser-content\u0022\u003E\n                    \u003Cdiv class=\u0022teaser-content--kicker\u0022\u003E\n                    Miriam Albrecht, Gesch\u00e4ftsf\u00fchrerin Reflexa-Werke Albrecht GmbH\n        \u003C\/div\u003E\n                                              \n                        \n        \u003Ch4 class=\u0022teaser-content--headline\u0022\u003E\n                                \u201eProzessoptimierungen m\u00fcssen im Fokus \n                              \u003Cspan class=\u0022headline-last-word-arrow\u0022\u003Estehen\u201c                      \u003C\/span\u003E\n        \u003C\/h4\u003E\n            \u003Cdiv class=\u0022teaser-content--body\u0022\u003E\u003Cp\u003EUm langfristig erfolgreich zu sein, muss sich die Branche auch den Themen Nachhaltigkeit und Digitalisierung stellen, so bringt Miriam Albrecht es auf den Punkt.\u003C\/p\u003E\n\u003C\/div\u003E\n                        \u003Cspan class=\u0022read-more-arrow-container\u0022\u003E\n            \u003Cspan class=\u0022read-more-angled-arrow\u0022\u003E \u003C\/span\u003E\n          \u003C\/span\u003E\n                  \u003C\/div\u003E\n    \u003C\/a\u003E\n\u003Ca href=\u0022\/sonnenschutz\/bernd-heydebreck-geschaeftsfuehrer-heydebreck-gmbh-unternehmer-zu-sein-bedeutet-mut-zu\u0022  class=\u0022teaser teaser--standard\u0022 aria-label=\u0022\u201eUnternehmer zu sein bedeutet MUT zu haben\u201c\u0022\u003E\n      \u003Cdiv class=\u0022teaser-content--image\u0022\u003E\n        \u003Cfigure class=\u0022image--figure\u0022\u003E\n        \u003Cpicture\u003E\n                        \u003Csource srcset=\u0022\/sites\/default\/files\/styles\/teaser_standard__m\/public\/aurora\/2023\/06\/291574.jpeg.webp?itok=mcxPYq0p 1x\u0022 media=\u0022(min-width: 48.0625em) and (max-width: 64em)\u0022 type=\u0022image\/webp\u0022 width=\u0022161\u0022 height=\u0022242\u0022\/\u003E\n                  \u003Csource srcset=\u0022\/sites\/default\/files\/styles\/teaser_standard__l\/public\/aurora\/2023\/06\/291574.jpeg.webp?itok=UQkSPU6C 1x\u0022 media=\u0022(min-width: 64.0625em)\u0022 type=\u0022image\/webp\u0022 width=\u0022101\u0022 height=\u0022152\u0022\/\u003E\n                  \u003Csource srcset=\u0022\/sites\/default\/files\/styles\/teaser_standard__m\/public\/aurora\/2023\/06\/291574.jpeg?itok=5Pc9lmKp 1x\u0022 media=\u0022(min-width: 48.0625em) and (max-width: 64em)\u0022 type=\u0022image\/jpeg\u0022 width=\u0022161\u0022 height=\u0022242\u0022\/\u003E\n                  \u003Csource srcset=\u0022\/sites\/default\/files\/styles\/teaser_standard__l\/public\/aurora\/2023\/06\/291574.jpeg?itok=4CZcagC0 1x\u0022 media=\u0022(min-width: 64.0625em)\u0022 type=\u0022image\/jpeg\u0022 width=\u0022101\u0022 height=\u0022152\u0022\/\u003E\n                          \u003Cimg alt=\u0022Bernd Heydebreck, Gesch\u00e4ftsf\u00fchrer Heydebreck GmbH\u0022 loading=\u0022eager\u0022 data-caption-hide width=\u0022265\u0022 height=\u0022398\u0022 data-zoomed=\u0022https:\/\/www.glaswelt.de\/sites\/default\/files\/styles\/content__zoomed\/public\/aurora\/2023\/06\/291574.jpeg?itok=zEVhE5l1\u0022 src=\u0022\/sites\/default\/files\/styles\/teaser_standard__s\/public\/aurora\/2023\/06\/291574.jpeg?itok=WvbBU8Tn\u0022 title=\u0022\u00a9 Heydebreck\n\u0022 \/\u003E\n\n    \u003C\/picture\u003E\n      \u003Cfigcaption class=\u0022image--figcaption\u0022\u003E\n          \u003Cdiv class=\u0022copyright\u0022\u003EHeydebreck\n\u003C\/div\u003E\n          \u003C\/figcaption\u003E\n\u003C\/figure\u003E\n\n\n    \u003C\/div\u003E\n    \u003Cdiv class=\u0022teaser-content\u0022\u003E\n                    \u003Cdiv class=\u0022teaser-content--kicker\u0022\u003E\n                    Bernd Heydebreck, Gesch\u00e4ftsf\u00fchrer Heydebreck GmbH\n        \u003C\/div\u003E\n                                              \n                        \n        \u003Ch4 class=\u0022teaser-content--headline\u0022\u003E\n                                \u201eUnternehmer zu sein bedeutet MUT zu \n                              \u003Cspan class=\u0022headline-last-word-arrow\u0022\u003Ehaben\u201c                      \u003C\/span\u003E\n        \u003C\/h4\u003E\n            \u003Cdiv class=\u0022teaser-content--body\u0022\u003E\u003Cp\u003EBernd Heydebreck bringt es mit einfachen Worten auf den Punkt: Wer nicht optimistisch ist, wird nie ein erfolgreicher Unternehmer sein k\u00f6nnen.\u003C\/p\u003E\n\u003C\/div\u003E\n                        \u003Cspan class=\u0022read-more-arrow-container\u0022\u003E\n            \u003Cspan class=\u0022read-more-angled-arrow\u0022\u003E \u003C\/span\u003E\n          \u003C\/span\u003E\n                  \u003C\/div\u003E\n    \u003C\/a\u003E\n\u003Ca href=\u0022\/sonnenschutz\/paul-renson-ceo-renson-group-der-mensch-will-im-freien-leben\u0022  class=\u0022teaser teaser--standard\u0022 aria-label=\u0022\u201eDer Mensch will im Freien leben\u201c\u0022\u003E\n      \u003Cdiv class=\u0022teaser-content--image\u0022\u003E\n        \u003Cfigure class=\u0022image--figure\u0022\u003E\n        \u003Cpicture\u003E\n                        \u003Csource srcset=\u0022\/sites\/default\/files\/styles\/teaser_standard__m\/public\/aurora\/2023\/06\/291570.jpeg.webp?itok=HmeXW9KC 1x\u0022 media=\u0022(min-width: 48.0625em) and (max-width: 64em)\u0022 type=\u0022image\/webp\u0022 width=\u0022323\u0022 height=\u0022181\u0022\/\u003E\n                  \u003Csource srcset=\u0022\/sites\/default\/files\/styles\/teaser_standard__l\/public\/aurora\/2023\/06\/291570.jpeg.webp?itok=fQ2SPCx_ 1x\u0022 media=\u0022(min-width: 64.0625em)\u0022 type=\u0022image\/webp\u0022 width=\u0022203\u0022 height=\u0022114\u0022\/\u003E\n                  \u003Csource srcset=\u0022\/sites\/default\/files\/styles\/teaser_standard__m\/public\/aurora\/2023\/06\/291570.jpeg?itok=EBXwesfe 1x\u0022 media=\u0022(min-width: 48.0625em) and (max-width: 64em)\u0022 type=\u0022image\/jpeg\u0022 width=\u0022323\u0022 height=\u0022181\u0022\/\u003E\n                  \u003Csource srcset=\u0022\/sites\/default\/files\/styles\/teaser_standard__l\/public\/aurora\/2023\/06\/291570.jpeg?itok=koOQiPGK 1x\u0022 media=\u0022(min-width: 64.0625em)\u0022 type=\u0022image\/jpeg\u0022 width=\u0022203\u0022 height=\u0022114\u0022\/\u003E\n                          \u003Cimg alt=\u0022Paul Renson \u2013 CEO Renson Group\u0022 loading=\u0022eager\u0022 data-caption-hide width=\u0022708\u0022 height=\u0022397\u0022 data-zoomed=\u0022https:\/\/www.glaswelt.de\/sites\/default\/files\/styles\/content__zoomed\/public\/aurora\/2023\/06\/291570.jpeg?itok=6I7yKwft\u0022 src=\u0022\/sites\/default\/files\/styles\/teaser_standard__s\/public\/aurora\/2023\/06\/291570.jpeg?itok=DP9PghxE\u0022 title=\u0022\u00a9 Renson\n\u0022 \/\u003E\n\n    \u003C\/picture\u003E\n      \u003Cfigcaption class=\u0022image--figcaption\u0022\u003E\n          \u003Cdiv class=\u0022copyright\u0022\u003ERenson\n\u003C\/div\u003E\n          \u003C\/figcaption\u003E\n\u003C\/figure\u003E\n\n\n    \u003C\/div\u003E\n    \u003Cdiv class=\u0022teaser-content\u0022\u003E\n                    \u003Cdiv class=\u0022teaser-content--kicker\u0022\u003E\n                    Paul Renson \u2013 CEO Renson Group\n        \u003C\/div\u003E\n                                              \n                        \n        \u003Ch4 class=\u0022teaser-content--headline\u0022\u003E\n                                \u201eDer Mensch will im Freien \n                              \u003Cspan class=\u0022headline-last-word-arrow\u0022\u003Eleben\u201c                      \u003C\/span\u003E\n        \u003C\/h4\u003E\n            \u003Cdiv class=\u0022teaser-content--body\u0022\u003E\u003Cp\u003EVor allem f\u00fcr das \u0022Leben im Freien\u0022 sieht Paul Renson national und international noch viel Wachstumspotenzial. Die Menschen wollen \u0027zur\u00fcck zur Natur\u0027, sie wollen das ganze Jahr \u00fcber drau\u00dfen leben, aber mit allem Komfort.\u003C\/p\u003E\n\u003C\/div\u003E\n                        \u003Cspan class=\u0022read-more-arrow-container\u0022\u003E\n            \u003Cspan class=\u0022read-more-angled-arrow\u0022\u003E \u003C\/span\u003E\n          \u003C\/span\u003E\n                  \u003C\/div\u003E\n    \u003C\/a\u003E\n\u003Ca href=\u0022\/sonnenschutz\/thilo-weiermann-geschaeftsfuehrer-weinor-gmbh-co-kg-menschen-menschen-menschen\u0022  class=\u0022teaser teaser--standard\u0022 aria-label=\u0022\u201eMenschen, Menschen, Menschen\u201c\u0022\u003E\n      \u003Cdiv class=\u0022teaser-content--image\u0022\u003E\n        \u003Cfigure class=\u0022image--figure\u0022\u003E\n        \u003Cpicture\u003E\n                        \u003Csource srcset=\u0022\/sites\/default\/files\/styles\/teaser_standard__m\/public\/aurora\/2023\/06\/291562.jpeg.webp?itok=x_R7V4cz 1x\u0022 media=\u0022(min-width: 48.0625em) and (max-width: 64em)\u0022 type=\u0022image\/webp\u0022 width=\u0022161\u0022 height=\u0022242\u0022\/\u003E\n                  \u003Csource srcset=\u0022\/sites\/default\/files\/styles\/teaser_standard__l\/public\/aurora\/2023\/06\/291562.jpeg.webp?itok=6p_CkoU9 1x\u0022 media=\u0022(min-width: 64.0625em)\u0022 type=\u0022image\/webp\u0022 width=\u0022101\u0022 height=\u0022152\u0022\/\u003E\n                  \u003Csource srcset=\u0022\/sites\/default\/files\/styles\/teaser_standard__m\/public\/aurora\/2023\/06\/291562.jpeg?itok=ERCydfOe 1x\u0022 media=\u0022(min-width: 48.0625em) and (max-width: 64em)\u0022 type=\u0022image\/jpeg\u0022 width=\u0022161\u0022 height=\u0022242\u0022\/\u003E\n                  \u003Csource srcset=\u0022\/sites\/default\/files\/styles\/teaser_standard__l\/public\/aurora\/2023\/06\/291562.jpeg?itok=wzVKdZE0 1x\u0022 media=\u0022(min-width: 64.0625em)\u0022 type=\u0022image\/jpeg\u0022 width=\u0022101\u0022 height=\u0022152\u0022\/\u003E\n                          \u003Cimg alt=\u0022Thilo Weiermann \u2013 Gesch\u00e4ftsf\u00fchrer Weinor GmbH \u0026amp; Co. KG\u0022 loading=\u0022eager\u0022 data-caption-hide width=\u0022265\u0022 height=\u0022398\u0022 data-zoomed=\u0022https:\/\/www.glaswelt.de\/sites\/default\/files\/styles\/content__zoomed\/public\/aurora\/2023\/06\/291562.jpeg?itok=p-PJeLvk\u0022 src=\u0022\/sites\/default\/files\/styles\/teaser_standard__s\/public\/aurora\/2023\/06\/291562.jpeg?itok=MqaLnUR0\u0022 title=\u0022\u00a9 Weinor\n\u0022 \/\u003E\n\n    \u003C\/picture\u003E\n      \u003Cfigcaption class=\u0022image--figcaption\u0022\u003E\n          \u003Cdiv class=\u0022copyright\u0022\u003EWeinor\n\u003C\/div\u003E\n          \u003C\/figcaption\u003E\n\u003C\/figure\u003E\n\n\n    \u003C\/div\u003E\n    \u003Cdiv class=\u0022teaser-content\u0022\u003E\n                    \u003Cdiv class=\u0022teaser-content--kicker\u0022\u003E\n                    Thilo Weiermann \u2013 Gesch\u00e4ftsf\u00fchrer Weinor GmbH \u0026amp; Co. KG\n        \u003C\/div\u003E\n                                              \n                        \n        \u003Ch4 class=\u0022teaser-content--headline\u0022\u003E\n                                \u201eMenschen, Menschen, \n                              \u003Cspan class=\u0022headline-last-word-arrow\u0022\u003EMenschen\u201c                      \u003C\/span\u003E\n        \u003C\/h4\u003E\n            \u003Cdiv class=\u0022teaser-content--body\u0022\u003E\u003Cp\u003EDurch einen leistungsf\u00e4higen Vertrieb, ein wirkungsvolles Marketing sowie die zunehmende Digitalisierung und Verschlankung der Prozesse, sieht Thilo Weiermann sein Unternehmen Weinor gut aufgestellt f\u00fcr die Zukunft.\u003C\/p\u003E\n\u003C\/div\u003E\n                        \u003Cspan class=\u0022read-more-arrow-container\u0022\u003E\n            \u003Cspan class=\u0022read-more-angled-arrow\u0022\u003E \u003C\/span\u003E\n          \u003C\/span\u003E\n                  \u003C\/div\u003E\n    \u003C\/a\u003E\n\u003Ca href=\u0022\/sonnenschutz\/stefan-korte-head-business-unit-b2b-global-account-director-wir-setzen-auf\u0022  class=\u0022teaser teaser--standard\u0022 aria-label=\u0022\u201eWir setzen auf Konnektivit\u00e4t und Vernetzung\u201c\u0022\u003E\n      \u003Cdiv class=\u0022teaser-content--image\u0022\u003E\n        \u003Cfigure class=\u0022image--figure\u0022\u003E\n        \u003Cpicture\u003E\n                        \u003Csource srcset=\u0022\/sites\/default\/files\/styles\/teaser_standard__m\/public\/aurora\/2023\/06\/291560.png.webp?itok=8ExjSt0P 1x\u0022 media=\u0022(min-width: 48.0625em) and (max-width: 64em)\u0022 type=\u0022image\/webp\u0022 width=\u0022242\u0022 height=\u0022242\u0022\/\u003E\n                  \u003Csource srcset=\u0022\/sites\/default\/files\/styles\/teaser_standard__l\/public\/aurora\/2023\/06\/291560.png.webp?itok=mTD6_T-J 1x\u0022 media=\u0022(min-width: 64.0625em)\u0022 type=\u0022image\/webp\u0022 width=\u0022152\u0022 height=\u0022152\u0022\/\u003E\n                  \u003Csource srcset=\u0022\/sites\/default\/files\/styles\/teaser_standard__m\/public\/aurora\/2023\/06\/291560.png?itok=Zp7SMSCo 1x\u0022 media=\u0022(min-width: 48.0625em) and (max-width: 64em)\u0022 type=\u0022image\/png\u0022 width=\u0022242\u0022 height=\u0022242\u0022\/\u003E\n                  \u003Csource srcset=\u0022\/sites\/default\/files\/styles\/teaser_standard__l\/public\/aurora\/2023\/06\/291560.png?itok=9crWlqyk 1x\u0022 media=\u0022(min-width: 64.0625em)\u0022 type=\u0022image\/png\u0022 width=\u0022152\u0022 height=\u0022152\u0022\/\u003E\n                          \u003Cimg alt=\u0022Stefan Korte, Head of Business Unit B2B \u2013 Global Account Director\u0022 loading=\u0022eager\u0022 data-caption-hide width=\u0022398\u0022 height=\u0022398\u0022 data-zoomed=\u0022https:\/\/www.glaswelt.de\/sites\/default\/files\/styles\/content__zoomed\/public\/aurora\/2023\/06\/291560.png?itok=xqFPmO7a\u0022 src=\u0022\/sites\/default\/files\/styles\/teaser_standard__s\/public\/aurora\/2023\/06\/291560.png?itok=NN1LNQb7\u0022 title=\u0022\u00a9 Somfy\n\u0022 \/\u003E\n\n    \u003C\/picture\u003E\n      \u003Cfigcaption class=\u0022image--figcaption\u0022\u003E\n          \u003Cdiv class=\u0022copyright\u0022\u003ESomfy\n\u003C\/div\u003E\n          \u003C\/figcaption\u003E\n\u003C\/figure\u003E\n\n\n    \u003C\/div\u003E\n    \u003Cdiv class=\u0022teaser-content\u0022\u003E\n                    \u003Cdiv class=\u0022teaser-content--kicker\u0022\u003E\n                    Stefan Korte, Head of Business Unit B2B \u2013 Global Account Director\n        \u003C\/div\u003E\n                                              \n                        \n        \u003Ch4 class=\u0022teaser-content--headline\u0022\u003E\n                                \u201eWir setzen auf Konnektivit\u00e4t und \n                              \u003Cspan class=\u0022headline-last-word-arrow\u0022\u003EVernetzung\u201c                      \u003C\/span\u003E\n        \u003C\/h4\u003E\n            \u003Cdiv class=\u0022teaser-content--body\u0022\u003E\u003Cp\u003EDer Anspruch von Somfy als Innovationstreiber ist es, die Branche zu gestalten und neue Perspektiven zu schaffen. Die entscheidenden Faktoren sind in den Augen von Stefan Korte die Zukunftssicherheit und Verl\u00e4sslichkeit.\u003C\/p\u003E\n\u003C\/div\u003E\n                        \u003Cspan class=\u0022read-more-arrow-container\u0022\u003E\n            \u003Cspan class=\u0022read-more-angled-arrow\u0022\u003E \u003C\/span\u003E\n          \u003C\/span\u003E\n                  \u003C\/div\u003E\n    \u003C\/a\u003E\n\u003Ca href=\u0022\/sonnenschutz\/andreas-kraler-geschaeftsfuehrender-gesellschafter-hella-gruppe-es-gilt-agil-zu\u0022  class=\u0022teaser teaser--standard\u0022 aria-label=\u0022\u201eEs gilt agil zu bleiben\u201c\u0022\u003E\n      \u003Cdiv class=\u0022teaser-content--image\u0022\u003E\n        \u003Cfigure class=\u0022image--figure\u0022\u003E\n        \u003Cpicture\u003E\n                        \u003Csource srcset=\u0022\/sites\/default\/files\/styles\/teaser_standard__m\/public\/aurora\/2023\/06\/291558.jpeg.webp?itok=m6zptTH9 1x\u0022 media=\u0022(min-width: 48.0625em) and (max-width: 64em)\u0022 type=\u0022image\/webp\u0022 width=\u0022161\u0022 height=\u0022242\u0022\/\u003E\n                  \u003Csource srcset=\u0022\/sites\/default\/files\/styles\/teaser_standard__l\/public\/aurora\/2023\/06\/291558.jpeg.webp?itok=UNd1p9Il 1x\u0022 media=\u0022(min-width: 64.0625em)\u0022 type=\u0022image\/webp\u0022 width=\u0022101\u0022 height=\u0022152\u0022\/\u003E\n                  \u003Csource srcset=\u0022\/sites\/default\/files\/styles\/teaser_standard__m\/public\/aurora\/2023\/06\/291558.jpeg?itok=5xOhOmnD 1x\u0022 media=\u0022(min-width: 48.0625em) and (max-width: 64em)\u0022 type=\u0022image\/jpeg\u0022 width=\u0022161\u0022 height=\u0022242\u0022\/\u003E\n                  \u003Csource srcset=\u0022\/sites\/default\/files\/styles\/teaser_standard__l\/public\/aurora\/2023\/06\/291558.jpeg?itok=ryvP7qnd 1x\u0022 media=\u0022(min-width: 64.0625em)\u0022 type=\u0022image\/jpeg\u0022 width=\u0022101\u0022 height=\u0022152\u0022\/\u003E\n                          \u003Cimg alt=\u0022Andreas Kraler, gesch\u00e4ftsf\u00fchrender Gesellschafter HELLA-Gruppe \u0022 loading=\u0022eager\u0022 data-caption-hide width=\u0022265\u0022 height=\u0022398\u0022 data-zoomed=\u0022https:\/\/www.glaswelt.de\/sites\/default\/files\/styles\/content__zoomed\/public\/aurora\/2023\/06\/291558.jpeg?itok=pf4v0pli\u0022 src=\u0022\/sites\/default\/files\/styles\/teaser_standard__s\/public\/aurora\/2023\/06\/291558.jpeg?itok=224nItID\u0022 title=\u0022\u00a9 Hella\n\u0022 \/\u003E\n\n    \u003C\/picture\u003E\n      \u003Cfigcaption class=\u0022image--figcaption\u0022\u003E\n          \u003Cdiv class=\u0022copyright\u0022\u003EHella\n\u003C\/div\u003E\n          \u003C\/figcaption\u003E\n\u003C\/figure\u003E\n\n\n    \u003C\/div\u003E\n    \u003Cdiv class=\u0022teaser-content\u0022\u003E\n                    \u003Cdiv class=\u0022teaser-content--kicker\u0022\u003E\n                     Andreas Kraler, gesch\u00e4ftsf\u00fchrender Gesellschafter HELLA-Gruppe\n        \u003C\/div\u003E\n                                              \n                        \n        \u003Ch4 class=\u0022teaser-content--headline\u0022\u003E\n                                \u201eEs gilt agil zu \n                              \u003Cspan class=\u0022headline-last-word-arrow\u0022\u003Ebleiben\u201c                      \u003C\/span\u003E\n        \u003C\/h4\u003E\n            \u003Cdiv class=\u0022teaser-content--body\u0022\u003E\u003Cp\u003EHELLA setzt auf mehrere Vertriebswege und bietet eine breite Produktpalette. Der Fokus liegt auf Neubau oder Sanierung, aber auch Outdoor Living ist ein wichtiges Bet\u00e4tigungsfeld f\u00fcr den Hersteller aus Osttirol in \u00d6sterreich.\u003C\/p\u003E\n\u003C\/div\u003E\n                        \u003Cspan class=\u0022read-more-arrow-container\u0022\u003E\n            \u003Cspan class=\u0022read-more-angled-arrow\u0022\u003E \u003C\/span\u003E\n          \u003C\/span\u003E\n                  \u003C\/div\u003E\n    \u003C\/a\u003E\n","entity_type":"node","used_ids":["",208104,207462,207461,207459,207451,207450,207449,207448,207447,207446,207445,207440,207439,207437,207436,207435,207434,207433,207432],"show_more":"\u003Cdiv class=\u0022del-show-more\u0022\u003E\u003Ca href=\u0022\/ajax\/del\/3529b41d-ed7e-4cac-89d7-6d273f288741\/paragraph\/20\/19\/asc\/eyJub2RlIjp7ImlkIjoiMjA2MDM2IiwidHlwZSI6InBhZ2UifX0%3D\u0022 title=\u0022Mehr Elemente anzeigen\u0022 class=\u0022del-show-more-link use-ajax\u0022 rel=\u0022nofollow\u0022 data-target-type=\u0022node\u0022 aria-controls=\u0022del--paragraph-716568--content\u0022 aria-label=\u0022Mehr Elemente anzeigen\u0022\u003EMehr anzeigen\u003C\/a\u003E\u003C\/div\u003E\n"}]