[{"command":"showMoreTeasers","id":"del--paragraph-573067","content":"\u003Ca href=\u0022\/top-thema\/glas-mit-selbstreinigungseffekt-pilkington-aktiv-fuer-wintergaerten\u0022  class=\u0022teaser teaser--standard\u0022 aria-label=\u0022Pilkington Aktiv f\u00fcr Winterg\u00e4rten\r\u0022\u003E\n      \u003Cdiv class=\u0022teaser-content--image\u0022\u003E\n        \u003Cfigure class=\u0022image--figure\u0022\u003E\n        \u003Cpicture\u003E\n                        \u003Csource srcset=\u0022\/sites\/default\/files\/styles\/teaser_standard__m\/public\/aurora\/2021\/07\/126595.jpeg.webp?itok=uvBJ-Aiv 1x\u0022 media=\u0022(min-width: 48.0625em) and (max-width: 64em)\u0022 type=\u0022image\/webp\u0022 width=\u0022323\u0022 height=\u0022177\u0022\/\u003E\n                  \u003Csource srcset=\u0022\/sites\/default\/files\/styles\/teaser_standard__l\/public\/aurora\/2021\/07\/126595.jpeg.webp?itok=bD5NzWkx 1x\u0022 media=\u0022(min-width: 64.0625em)\u0022 type=\u0022image\/webp\u0022 width=\u0022203\u0022 height=\u0022112\u0022\/\u003E\n                  \u003Csource srcset=\u0022\/sites\/default\/files\/styles\/teaser_standard__m\/public\/aurora\/2021\/07\/126595.jpeg?itok=fL35cfTL 1x\u0022 media=\u0022(min-width: 48.0625em) and (max-width: 64em)\u0022 type=\u0022image\/jpeg\u0022 width=\u0022323\u0022 height=\u0022177\u0022\/\u003E\n                  \u003Csource srcset=\u0022\/sites\/default\/files\/styles\/teaser_standard__l\/public\/aurora\/2021\/07\/126595.jpeg?itok=QMp6xA_5 1x\u0022 media=\u0022(min-width: 64.0625em)\u0022 type=\u0022image\/jpeg\u0022 width=\u0022203\u0022 height=\u0022112\u0022\/\u003E\n                          \u003Cimg alt=\u0022Anbieter Gra\u00dfkemper Bauelemente stattet \u00fcber 95\u2009% seiner Winterg\u00e4rten und Terrassend\u00e4cher mit Pilkington Activ aus und sichert sich so mit diesem Glas ordentliche Deckungsbeitr\u00e4ge.\u0022 loading=\u0022eager\u0022 data-caption-hide width=\u0022708\u0022 height=\u0022389\u0022 data-zoomed=\u0022https:\/\/www.glaswelt.de\/sites\/default\/files\/styles\/content__zoomed\/public\/aurora\/2021\/07\/126595.jpeg?itok=KysyhhaB\u0022 src=\u0022\/sites\/default\/files\/styles\/teaser_standard__s\/public\/aurora\/2021\/07\/126595.jpeg?itok=PU9mH4mV\u0022 title=\u0022\u00a9 Foto: Gra\u00dfkemper Bauelemente\n\u0022 \/\u003E\n\n    \u003C\/picture\u003E\n      \u003Cfigcaption class=\u0022image--figcaption\u0022\u003E\n          \u003Cdiv class=\u0022copyright\u0022\u003EFoto: Gra\u00dfkemper Bauelemente\n\u003C\/div\u003E\n          \u003C\/figcaption\u003E\n\u003C\/figure\u003E\n\n\n    \u003C\/div\u003E\n    \u003Cdiv class=\u0022teaser-content\u0022\u003E\n                    \u003Cdiv class=\u0022teaser-content--kicker\u0022\u003E\n                    GLAS MIT SELBSTREINIGUNGSEFFEKT \u0026#13;\n        \u003C\/div\u003E\n                                              \n                        \n        \u003Ch4 class=\u0022teaser-content--headline\u0022\u003E\n                                Pilkington Aktiv f\u00fcr \n                              \u003Cspan class=\u0022headline-last-word-arrow\u0022\u003EWinterg\u00e4rten                      \u003C\/span\u003E\n        \u003C\/h4\u003E\n            \u003Cdiv class=\u0022teaser-content--body\u0022\u003E\u003Cp\u003EPilkington Activ ist aufgrund seiner selbstreinigenden Eigenschaft f\u00fcr den Einbau in Winterg\u00e4rten, Terrassen- und Vord\u00e4chern pr\u00e4destiniert. Hier erfahren Sie, was zufriedene Endkunden und ein Winterbauer \u00fcber ihre Erfahrungen mit Pilkington Activ berichten.\u003C\/p\u003E\n\u003C\/div\u003E\n                        \u003Cspan class=\u0022read-more-arrow-container\u0022\u003E\n            \u003Cspan class=\u0022read-more-angled-arrow\u0022\u003E \u003C\/span\u003E\n          \u003C\/span\u003E\n                  \u003C\/div\u003E\n    \u003C\/a\u003E\n\u003Ca href=\u0022\/glas\/fassadenglas-von-interpane-welches-isolierglas-passt-fuer-wintergaerten\u0022  class=\u0022teaser teaser--standard\u0022 aria-label=\u0022Welches Isolierglas passt f\u00fcr Winterg\u00e4rten?\r\u0022\u003E\n      \u003Cdiv class=\u0022teaser-content--image\u0022\u003E\n        \u003Cfigure class=\u0022image--figure\u0022\u003E\n        \u003Cpicture\u003E\n                        \u003Csource srcset=\u0022\/sites\/default\/files\/styles\/teaser_standard__m\/public\/aurora\/2021\/07\/126614.jpeg.webp?itok=-YZ6_VC1 1x\u0022 media=\u0022(min-width: 48.0625em) and (max-width: 64em)\u0022 type=\u0022image\/webp\u0022 width=\u0022323\u0022 height=\u0022197\u0022\/\u003E\n                  \u003Csource srcset=\u0022\/sites\/default\/files\/styles\/teaser_standard__l\/public\/aurora\/2021\/07\/126614.jpeg.webp?itok=nM9A9GDf 1x\u0022 media=\u0022(min-width: 64.0625em)\u0022 type=\u0022image\/webp\u0022 width=\u0022203\u0022 height=\u0022124\u0022\/\u003E\n                  \u003Csource srcset=\u0022\/sites\/default\/files\/styles\/teaser_standard__m\/public\/aurora\/2021\/07\/126614.jpeg?itok=DyQLGQi6 1x\u0022 media=\u0022(min-width: 48.0625em) and (max-width: 64em)\u0022 type=\u0022image\/jpeg\u0022 width=\u0022323\u0022 height=\u0022197\u0022\/\u003E\n                  \u003Csource srcset=\u0022\/sites\/default\/files\/styles\/teaser_standard__l\/public\/aurora\/2021\/07\/126614.jpeg?itok=GFETW7vh 1x\u0022 media=\u0022(min-width: 64.0625em)\u0022 type=\u0022image\/jpeg\u0022 width=\u0022203\u0022 height=\u0022124\u0022\/\u003E\n                          \u003Cimg alt=\u0022Die Wintergartenbauer Vowisol \u00adbietet spezielle \u00adVarianten f\u00fcr \u00adHotellerie und \u00adhistorische \u00adGeb\u00e4ude an, die Gl\u00e4ser daf\u00fcr kommen von AGC-Interpane.\u0022 loading=\u0022eager\u0022 data-caption-hide width=\u0022652\u0022 height=\u0022398\u0022 data-zoomed=\u0022https:\/\/www.glaswelt.de\/sites\/default\/files\/styles\/content__zoomed\/public\/aurora\/2021\/07\/126614.jpeg?itok=CNi4TK8e\u0022 src=\u0022\/sites\/default\/files\/styles\/teaser_standard__s\/public\/aurora\/2021\/07\/126614.jpeg?itok=sCZTJpfa\u0022 title=\u0022\u00a9 Foto: Vowisol Winterg\u00e4rten\n\u0022 \/\u003E\n\n    \u003C\/picture\u003E\n      \u003Cfigcaption class=\u0022image--figcaption\u0022\u003E\n          \u003Cdiv class=\u0022copyright\u0022\u003EFoto: Vowisol Winterg\u00e4rten\n\u003C\/div\u003E\n          \u003C\/figcaption\u003E\n\u003C\/figure\u003E\n\n\n    \u003C\/div\u003E\n    \u003Cdiv class=\u0022teaser-content\u0022\u003E\n                    \u003Cdiv class=\u0022teaser-content--kicker\u0022\u003E\n                    Fassadenglas von Interpane\u0026#13;\n        \u003C\/div\u003E\n                                              \n                        \n        \u003Ch4 class=\u0022teaser-content--headline\u0022\u003E\n                                Welches Isolierglas passt f\u00fcr \n                              \u003Cspan class=\u0022headline-last-word-arrow\u0022\u003EWinterg\u00e4rten?              \u003Cspan\n                  class=\u0022permission-lock permission-lock-icon--\u0022\u003E\u003C\/span\u003E\n                                  \u003C\/span\u003E\n        \u003C\/h4\u003E\n            \u003Cdiv class=\u0022teaser-content--body\u0022\u003E  \u003Cp\u003EEin gut geplanter Wintergarten ist ein komplexes System, dabei ist die Auswahl der passenden Glasprodukte f\u00fcr Sonnenschutz und W\u00e4rmed\u00e4mmung wichtig sowie eine gro\u00dfz\u00fcgige Bel\u00fcftung und die effektive Beschattung zur passiven Nutzung von Sonnenenergie. Die thermische Wirkung des Wintergartens ist...\u003C\/p\u003E\n\n\n\u003C\/div\u003E\n                        \u003Cspan class=\u0022read-more-arrow-container\u0022\u003E\n            \u003Cspan class=\u0022read-more-angled-arrow\u0022\u003E \u003C\/span\u003E\n          \u003C\/span\u003E\n                  \u003C\/div\u003E\n    \u003C\/a\u003E\n\u003Ca href=\u0022\/glas\/din-18008-ueberarbeitet-neues-nachweisverfahren-fuer-kleine-isolierglaeser\u0022  class=\u0022teaser teaser--standard\u0022 aria-label=\u0022DIN 18008 \u00fcberarbeitet:\u00a0Neues Nachweisverfahren f\u00fcr kleine Isoliergl\u00e4ser\u0022\u003E\n      \u003Cdiv class=\u0022teaser-content--image\u0022\u003E\n        \u003Cfigure class=\u0022image--figure\u0022\u003E\n        \u003Cpicture\u003E\n                        \u003Csource srcset=\u0022\/sites\/default\/files\/styles\/teaser_standard__m\/public\/aurora\/2021\/06\/118698.jpeg.webp?itok=CzXC0pY6 1x\u0022 media=\u0022(min-width: 48.0625em) and (max-width: 64em)\u0022 type=\u0022image\/webp\u0022 width=\u0022323\u0022 height=\u0022216\u0022\/\u003E\n                  \u003Csource srcset=\u0022\/sites\/default\/files\/styles\/teaser_standard__l\/public\/aurora\/2021\/06\/118698.jpeg.webp?itok=6XUPPhwc 1x\u0022 media=\u0022(min-width: 64.0625em)\u0022 type=\u0022image\/webp\u0022 width=\u0022203\u0022 height=\u0022136\u0022\/\u003E\n                  \u003Csource srcset=\u0022\/sites\/default\/files\/styles\/teaser_standard__m\/public\/aurora\/2021\/06\/118698.jpeg?itok=DL1JTBJj 1x\u0022 media=\u0022(min-width: 48.0625em) and (max-width: 64em)\u0022 type=\u0022image\/jpeg\u0022 width=\u0022323\u0022 height=\u0022216\u0022\/\u003E\n                  \u003Csource srcset=\u0022\/sites\/default\/files\/styles\/teaser_standard__l\/public\/aurora\/2021\/06\/118698.jpeg?itok=71G58xWJ 1x\u0022 media=\u0022(min-width: 64.0625em)\u0022 type=\u0022image\/jpeg\u0022 width=\u0022203\u0022 height=\u0022136\u0022\/\u003E\n                          \u003Cimg loading=\u0022eager\u0022 data-caption-hide width=\u0022596\u0022 height=\u0022398\u0022 alt=\u0022Die DIN 18008 richtet sich nicht prim\u00e4r an Glashersteller, sondern an diejenigen, die planerisch oder praktisch Glas mit Haltekonstruktionen zusammen bringen, also an Fenster- und Fassadenbauer.\u0022 data-zoomed=\u0022https:\/\/www.glaswelt.de\/sites\/default\/files\/styles\/content__zoomed\/public\/aurora\/2021\/06\/118698.jpeg?itok=Nxzqfmuu\u0022 src=\u0022\/sites\/default\/files\/styles\/teaser_standard__s\/public\/aurora\/2021\/06\/118698.jpeg?itok=Y4Q-8iBE\u0022 title=\u0022\u00a9 Fenzi\n\u0022 \/\u003E\n\n    \u003C\/picture\u003E\n      \u003Cfigcaption class=\u0022image--figcaption\u0022\u003E\n          \u003Cdiv class=\u0022copyright\u0022\u003EFenzi\n\u003C\/div\u003E\n          \u003C\/figcaption\u003E\n\u003C\/figure\u003E\n\n\n    \u003C\/div\u003E\n    \u003Cdiv class=\u0022teaser-content\u0022\u003E\n                    \u003Cdiv class=\u0022teaser-content--kicker\u0022\u003E\n                    \n        \u003C\/div\u003E\n                                              \n                        \n        \u003Ch4 class=\u0022teaser-content--headline\u0022\u003E\n                                DIN 18008 \u00fcberarbeitet:\u00a0Neues Nachweisverfahren f\u00fcr kleine \n                              \u003Cspan class=\u0022headline-last-word-arrow\u0022\u003EIsoliergl\u00e4ser                      \u003C\/span\u003E\n        \u003C\/h4\u003E\n            \u003Cdiv class=\u0022teaser-content--body\u0022\u003E\u003Cp\u003EIm Mai 2020 sind die neuen Teile 1 und 2 der DIN 18008 erschienen. Neben zahlreichen Erg\u00e4nzungen und Verbesserungen enth\u00e4lt DIN 18008 Teil 2 ein neues Nachweisverfahren zur Tragf\u00e4higkeit von kleinformatigen Mehrscheiben-Isoliergl\u00e4sern (MIG), die Autor Martin Reick hier erl\u00e4utert.\u003C\/p\u003E\n\u003C\/div\u003E\n                        \u003Cspan class=\u0022read-more-arrow-container\u0022\u003E\n            \u003Cspan class=\u0022read-more-angled-arrow\u0022\u003E \u003C\/span\u003E\n          \u003C\/span\u003E\n                  \u003C\/div\u003E\n    \u003C\/a\u003E\n\u003Ca href=\u0022\/glas\/helantec-entwickelt-neue-gas-fuelltechnik-fuer-grosse-iso-einheiten\u0022  class=\u0022teaser teaser--standard\u0022 aria-label=\u0022Helantec entwickelt neue Gas-F\u00fclltechnik f\u00fcr gro\u00dfe ISO-Einheiten\u0022\u003E\n      \u003Cdiv class=\u0022teaser-content--image\u0022\u003E\n        \u003Cfigure class=\u0022image--figure\u0022\u003E\n        \u003Cpicture\u003E\n                        \u003Csource srcset=\u0022\/sites\/default\/files\/styles\/teaser_standard__m\/public\/aurora\/2021\/05\/106378.jpeg.webp?itok=xJEejK7Y 1x\u0022 media=\u0022(min-width: 48.0625em) and (max-width: 64em)\u0022 type=\u0022image\/webp\u0022 width=\u0022225\u0022 height=\u0022242\u0022\/\u003E\n                  \u003Csource srcset=\u0022\/sites\/default\/files\/styles\/teaser_standard__l\/public\/aurora\/2021\/05\/106378.jpeg.webp?itok=Lssp9cEG 1x\u0022 media=\u0022(min-width: 64.0625em)\u0022 type=\u0022image\/webp\u0022 width=\u0022141\u0022 height=\u0022152\u0022\/\u003E\n                  \u003Csource srcset=\u0022\/sites\/default\/files\/styles\/teaser_standard__m\/public\/aurora\/2021\/05\/106378.jpeg?itok=xgirfmy2 1x\u0022 media=\u0022(min-width: 48.0625em) and (max-width: 64em)\u0022 type=\u0022image\/jpeg\u0022 width=\u0022225\u0022 height=\u0022242\u0022\/\u003E\n                  \u003Csource srcset=\u0022\/sites\/default\/files\/styles\/teaser_standard__l\/public\/aurora\/2021\/05\/106378.jpeg?itok=g_TgDYTp 1x\u0022 media=\u0022(min-width: 64.0625em)\u0022 type=\u0022image\/jpeg\u0022 width=\u0022141\u0022 height=\u0022152\u0022\/\u003E\n                          \u003Cimg alt=\u0022Der Abstandsmesser wird mit einem Saugnapf in der Mitte der ISO-Einheit platziert, wo die gr\u00f6\u00dfte Durchbiegung erfolgt.\u0022 loading=\u0022eager\u0022 data-caption-hide width=\u0022370\u0022 height=\u0022398\u0022 data-zoomed=\u0022https:\/\/www.glaswelt.de\/sites\/default\/files\/styles\/content__zoomed\/public\/aurora\/2021\/05\/106378.jpeg?itok=5VxhetPa\u0022 src=\u0022\/sites\/default\/files\/styles\/teaser_standard__s\/public\/aurora\/2021\/05\/106378.jpeg?itok=vp0SseU6\u0022 title=\u0022\u00a9 Helantec\n\u0022 \/\u003E\n\n    \u003C\/picture\u003E\n      \u003Cfigcaption class=\u0022image--figcaption\u0022\u003E\n          \u003Cdiv class=\u0022copyright\u0022\u003EHelantec\n\u003C\/div\u003E\n          \u003C\/figcaption\u003E\n\u003C\/figure\u003E\n\n\n    \u003C\/div\u003E\n    \u003Cdiv class=\u0022teaser-content\u0022\u003E\n                    \u003Cdiv class=\u0022teaser-content--kicker\u0022\u003E\n                    \n        \u003C\/div\u003E\n                                              \n                        \n        \u003Ch4 class=\u0022teaser-content--headline\u0022\u003E\n                                Helantec entwickelt neue Gas-F\u00fclltechnik f\u00fcr gro\u00dfe \n                              \u003Cspan class=\u0022headline-last-word-arrow\u0022\u003EISO-Einheiten                      \u003C\/span\u003E\n        \u003C\/h4\u003E\n            \u003Cdiv class=\u0022teaser-content--body\u0022\u003E\u003Cp\u003EUm gro\u00dfformatige Isoliergl\u00e4ser ohne Risiko zu produzieren, hat Helantec eine neuartige F\u00fclltechnik entwickelt. Im Auftrag von Silatec, Hersteller von hochwertigen Sicherheitsgl\u00e4sern, sollte eine L\u00f6sung f\u00fcr 3-fach-ISO gefunden werden, die diese Gl\u00e4ser vor Bruch sch\u00fctzt. Hier erfahren Sie, wie das geht.\u003C\/p\u003E\n\u003C\/div\u003E\n                        \u003Cspan class=\u0022read-more-arrow-container\u0022\u003E\n            \u003Cspan class=\u0022read-more-angled-arrow\u0022\u003E \u003C\/span\u003E\n          \u003C\/span\u003E\n                  \u003C\/div\u003E\n    \u003C\/a\u003E\n\u003Ca href=\u0022\/glas\/interpane-welches-isolierglas-passt-fuer-wintergaerten\u0022  class=\u0022teaser teaser--standard\u0022 aria-label=\u0022Interpane: Welches Isolierglas passt f\u00fcr Winterg\u00e4rten?\u0022\u003E\n      \u003Cdiv class=\u0022teaser-content--image\u0022\u003E\n        \u003Cfigure class=\u0022image--figure\u0022\u003E\n        \u003Cpicture\u003E\n                        \u003Csource srcset=\u0022\/sites\/default\/files\/styles\/teaser_standard__m\/public\/aurora\/2021\/06\/117025.jpeg.webp?itok=n7hUs2xC 1x\u0022 media=\u0022(min-width: 48.0625em) and (max-width: 64em)\u0022 type=\u0022image\/webp\u0022 width=\u0022323\u0022 height=\u0022215\u0022\/\u003E\n                  \u003Csource srcset=\u0022\/sites\/default\/files\/styles\/teaser_standard__l\/public\/aurora\/2021\/06\/117025.jpeg.webp?itok=L72K-ZCH 1x\u0022 media=\u0022(min-width: 64.0625em)\u0022 type=\u0022image\/webp\u0022 width=\u0022203\u0022 height=\u0022135\u0022\/\u003E\n                  \u003Csource srcset=\u0022\/sites\/default\/files\/styles\/teaser_standard__m\/public\/aurora\/2021\/06\/117025.jpeg?itok=XVWjT22t 1x\u0022 media=\u0022(min-width: 48.0625em) and (max-width: 64em)\u0022 type=\u0022image\/jpeg\u0022 width=\u0022323\u0022 height=\u0022215\u0022\/\u003E\n                  \u003Csource srcset=\u0022\/sites\/default\/files\/styles\/teaser_standard__l\/public\/aurora\/2021\/06\/117025.jpeg?itok=j2zOzCtN 1x\u0022 media=\u0022(min-width: 64.0625em)\u0022 type=\u0022image\/jpeg\u0022 width=\u0022203\u0022 height=\u0022135\u0022\/\u003E\n                          \u003Cimg alt=\u0022Bei der Verglasung von Winterg\u00e4rten gilt es, die passenden Gl\u00e4ser auszuw\u00e4hlen. Die Wintergarten-Manufaktur Vowisol bietet eine Reihe von Wintergartenmodellen mit entsprechenden Isoliergl\u00e4sern an, zudem sind Varianten f\u00fcr die Hotellerie und historische Geb\u00e4ude im Programm.\u0022 loading=\u0022eager\u0022 data-caption-hide width=\u0022597\u0022 height=\u0022398\u0022 data-zoomed=\u0022https:\/\/www.glaswelt.de\/sites\/default\/files\/styles\/content__zoomed\/public\/aurora\/2021\/06\/117025.jpeg?itok=SNASuHlx\u0022 src=\u0022\/sites\/default\/files\/styles\/teaser_standard__s\/public\/aurora\/2021\/06\/117025.jpeg?itok=ZtMDLNqC\u0022 title=\u0022\u00a9 Vowisol Winterg\u00e4rten\n\u0022 \/\u003E\n\n    \u003C\/picture\u003E\n      \u003Cfigcaption class=\u0022image--figcaption\u0022\u003E\n          \u003Cdiv class=\u0022copyright\u0022\u003EVowisol Winterg\u00e4rten\n\u003C\/div\u003E\n          \u003C\/figcaption\u003E\n\u003C\/figure\u003E\n\n\n    \u003C\/div\u003E\n    \u003Cdiv class=\u0022teaser-content\u0022\u003E\n                    \u003Cdiv class=\u0022teaser-content--kicker\u0022\u003E\n                    \n        \u003C\/div\u003E\n                                              \n                        \n        \u003Ch4 class=\u0022teaser-content--headline\u0022\u003E\n                                Interpane: Welches Isolierglas passt f\u00fcr \n                              \u003Cspan class=\u0022headline-last-word-arrow\u0022\u003EWinterg\u00e4rten?                      \u003C\/span\u003E\n        \u003C\/h4\u003E\n            \u003Cdiv class=\u0022teaser-content--body\u0022\u003E\u003Cp\u003EWinterg\u00e4rten vergr\u00f6\u00dfern den Wohnraum, erm\u00f6glichen die Ausdehnung der \u201eSommersaison\u201c und wirken als energiesparender Klimapuffer, der dem Haus vorgelagert ist. Hier erfahren Sie, welche Rolle die Isoliergl\u00e4ser dabei spielen.\u003C\/p\u003E\n\u003C\/div\u003E\n                        \u003Cspan class=\u0022read-more-arrow-container\u0022\u003E\n            \u003Cspan class=\u0022read-more-angled-arrow\u0022\u003E \u003C\/span\u003E\n          \u003C\/span\u003E\n                  \u003C\/div\u003E\n    \u003C\/a\u003E\n\u003Ca href=\u0022\/glas\/flachglas-wernberg-so-erstrahlt-der-bau-11-durch-moderne-fassadenglaeser-im-neuen-glanz\u0022  class=\u0022teaser teaser--standard\u0022 aria-label=\u0022So erstrahlt der \u201eBau 11\u201c durch moderne Fassadengl\u00e4ser im neuen Glanz\r\u0022\u003E\n      \u003Cdiv class=\u0022teaser-content--image\u0022\u003E\n        \u003Cfigure class=\u0022image--figure\u0022\u003E\n        \u003Cpicture\u003E\n                        \u003Csource srcset=\u0022\/sites\/default\/files\/styles\/teaser_standard__m\/public\/aurora\/2021\/04\/103914.jpeg.webp?itok=ILyN2hg6 1x\u0022 media=\u0022(min-width: 48.0625em) and (max-width: 64em)\u0022 type=\u0022image\/webp\u0022 width=\u0022323\u0022 height=\u0022215\u0022\/\u003E\n                  \u003Csource srcset=\u0022\/sites\/default\/files\/styles\/teaser_standard__l\/public\/aurora\/2021\/04\/103914.jpeg.webp?itok=9pZ1mpm- 1x\u0022 media=\u0022(min-width: 64.0625em)\u0022 type=\u0022image\/webp\u0022 width=\u0022203\u0022 height=\u0022135\u0022\/\u003E\n                  \u003Csource srcset=\u0022\/sites\/default\/files\/styles\/teaser_standard__m\/public\/aurora\/2021\/04\/103914.jpeg?itok=ZkIsrG6_ 1x\u0022 media=\u0022(min-width: 48.0625em) and (max-width: 64em)\u0022 type=\u0022image\/jpeg\u0022 width=\u0022323\u0022 height=\u0022215\u0022\/\u003E\n                  \u003Csource srcset=\u0022\/sites\/default\/files\/styles\/teaser_standard__l\/public\/aurora\/2021\/04\/103914.jpeg?itok=TM3_uO5v 1x\u0022 media=\u0022(min-width: 64.0625em)\u0022 type=\u0022image\/jpeg\u0022 width=\u0022203\u0022 height=\u0022135\u0022\/\u003E\n                          \u003Cimg alt=\u0022Der \u201eBau 11\u201c erhielt eine moderne, optisch auffallende Fassade mit blauen gl\u00e4sernen Fassadenb\u00e4ndern und Infrastop Sonnenschutz-Isoliergl\u00e4sern.\u0022 loading=\u0022eager\u0022 data-caption-hide width=\u0022597\u0022 height=\u0022398\u0022 data-zoomed=\u0022https:\/\/www.glaswelt.de\/sites\/default\/files\/styles\/content__zoomed\/public\/aurora\/2021\/04\/103914.jpeg?itok=71wrwxHH\u0022 src=\u0022\/sites\/default\/files\/styles\/teaser_standard__s\/public\/aurora\/2021\/04\/103914.jpeg?itok=04wDzs7z\u0022 title=\u0022\u00a9 Foto: Marcus Pietrek, D\u00fcsseldorf\n\u0022 \/\u003E\n\n    \u003C\/picture\u003E\n      \u003Cfigcaption class=\u0022image--figcaption\u0022\u003E\n          \u003Cdiv class=\u0022copyright\u0022\u003EFoto: Marcus Pietrek, D\u00fcsseldorf\n\u003C\/div\u003E\n          \u003C\/figcaption\u003E\n\u003C\/figure\u003E\n\n\n    \u003C\/div\u003E\n    \u003Cdiv class=\u0022teaser-content\u0022\u003E\n                    \u003Cdiv class=\u0022teaser-content--kicker\u0022\u003E\n                    Flachglas Wernberg\u0026#13;\n        \u003C\/div\u003E\n                                              \n                        \n        \u003Ch4 class=\u0022teaser-content--headline\u0022\u003E\n                                So erstrahlt der \u201eBau 11\u201c durch moderne Fassadengl\u00e4ser im neuen \n                              \u003Cspan class=\u0022headline-last-word-arrow\u0022\u003EGlanz                      \u003C\/span\u003E\n        \u003C\/h4\u003E\n            \u003Cdiv class=\u0022teaser-content--body\u0022\u003E\u003Cp\u003EDer Technologiekonzern Rohde \u0026amp; Schwarz hat im M\u00fcnchener Werksviertel das Technologiegeb\u00e4ude \u201eBau 11\u201c saniert. Lesen Sie, warum es mit einer markanten Lamellenstrukturfassade ausgestattet wurde, die mit Infrastop Sonnenschutz-Isoliergl\u00e4sern best\u00fcckt wurde.\u003C\/p\u003E\n\u003C\/div\u003E\n                        \u003Cspan class=\u0022read-more-arrow-container\u0022\u003E\n            \u003Cspan class=\u0022read-more-angled-arrow\u0022\u003E \u003C\/span\u003E\n          \u003C\/span\u003E\n                  \u003C\/div\u003E\n    \u003C\/a\u003E\n\u003Ca href=\u0022\/glas\/fineoglass-so-wird-es-mit-vakuum-isolierglas-selbst-hinter-alten-sprossenfenstern-behaglich\u0022  class=\u0022teaser teaser--standard\u0022 aria-label=\u0022So wird es mit Vakuum Isolierglas selbst hinter alten Sprossenfenstern behaglich\u00a0\u0022\u003E\n      \u003Cdiv class=\u0022teaser-content--image\u0022\u003E\n        \u003Cfigure class=\u0022image--figure\u0022\u003E\n        \u003Cpicture\u003E\n                        \u003Csource srcset=\u0022\/sites\/default\/files\/styles\/teaser_standard__m\/public\/aurora\/2021\/04\/107062.jpeg.webp?itok=NoRXeE-g 1x\u0022 media=\u0022(min-width: 48.0625em) and (max-width: 64em)\u0022 type=\u0022image\/webp\u0022 width=\u0022323\u0022 height=\u0022231\u0022\/\u003E\n                  \u003Csource srcset=\u0022\/sites\/default\/files\/styles\/teaser_standard__l\/public\/aurora\/2021\/04\/107062.jpeg.webp?itok=ebWhjASC 1x\u0022 media=\u0022(min-width: 64.0625em)\u0022 type=\u0022image\/webp\u0022 width=\u0022203\u0022 height=\u0022145\u0022\/\u003E\n                  \u003Csource srcset=\u0022\/sites\/default\/files\/styles\/teaser_standard__m\/public\/aurora\/2021\/04\/107062.jpeg?itok=IIRtp4nD 1x\u0022 media=\u0022(min-width: 48.0625em) and (max-width: 64em)\u0022 type=\u0022image\/jpeg\u0022 width=\u0022323\u0022 height=\u0022231\u0022\/\u003E\n                  \u003Csource srcset=\u0022\/sites\/default\/files\/styles\/teaser_standard__l\/public\/aurora\/2021\/04\/107062.jpeg?itok=QbcA9QGg 1x\u0022 media=\u0022(min-width: 64.0625em)\u0022 type=\u0022image\/jpeg\u0022 width=\u0022203\u0022 height=\u0022145\u0022\/\u003E\n                          \u003Cimg alt=\u0022Das Vakuumglas Fineo schaffte es, dass selbst alte Sprossenfenster gut d\u00e4mmen und zudem die sch\u00f6nen Holzprofile und Fensterrahmen erhalten bleiben.\u0022 loading=\u0022eager\u0022 data-caption-hide width=\u0022557\u0022 height=\u0022398\u0022 data-zoomed=\u0022https:\/\/www.glaswelt.de\/sites\/default\/files\/styles\/content__zoomed\/public\/aurora\/2021\/04\/107062.jpeg?itok=8iyqQxjz\u0022 src=\u0022\/sites\/default\/files\/styles\/teaser_standard__s\/public\/aurora\/2021\/04\/107062.jpeg?itok=NCXEhZ9K\u0022 title=\u0022\u00a9 Foto: Fineoglass\n\u0022 \/\u003E\n\n    \u003C\/picture\u003E\n      \u003Cfigcaption class=\u0022image--figcaption\u0022\u003E\n          \u003Cdiv class=\u0022copyright\u0022\u003EFoto: Fineoglass\n\u003C\/div\u003E\n          \u003C\/figcaption\u003E\n\u003C\/figure\u003E\n\n\n    \u003C\/div\u003E\n    \u003Cdiv class=\u0022teaser-content\u0022\u003E\n                    \u003Cdiv class=\u0022teaser-content--kicker\u0022\u003E\n                    Fineoglass\n        \u003C\/div\u003E\n                                              \n                        \n        \u003Ch4 class=\u0022teaser-content--headline\u0022\u003E\n                                So wird es mit Vakuum Isolierglas selbst hinter alten Sprossenfenstern \n                              \u003Cspan class=\u0022headline-last-word-arrow\u0022\u003Ebehaglich\u00a0                      \u003C\/span\u003E\n        \u003C\/h4\u003E\n            \u003Cdiv class=\u0022teaser-content--body\u0022\u003E\u003Cp\u003EWer in einem Haus wohnt, das vor 1980 gebaut wurde, sitzt oft noch hinter Fenstern ohne gute W\u00e4rmed\u00e4mmung. Bei alten Fachwerkh\u00e4usern trifft man sogar immer noch auf einfachverglaste Sprossenfenster. Hier erfahren Sie, wie das Vakuum Isolierglas Fineo hier jetzt Abhilfe schaffen kann.\u003C\/p\u003E\n\u003C\/div\u003E\n                        \u003Cspan class=\u0022read-more-arrow-container\u0022\u003E\n            \u003Cspan class=\u0022read-more-angled-arrow\u0022\u003E \u003C\/span\u003E\n          \u003C\/span\u003E\n                  \u003C\/div\u003E\n    \u003C\/a\u003E\n\u003Ca href=\u0022\/glas\/swisspacer-druckausgleich-bei-isolierglaesern-jetzt-mit-simulationstool-planen\u0022  class=\u0022teaser teaser--standard\u0022 aria-label=\u0022Druckausgleich bei Isoliergl\u00e4sern jetzt mit Simulationstool planen\u0022\u003E\n      \u003Cdiv class=\u0022teaser-content--image\u0022\u003E\n        \u003Cfigure class=\u0022image--figure\u0022\u003E\n        \u003Cpicture\u003E\n                        \u003Csource srcset=\u0022\/sites\/default\/files\/styles\/teaser_standard__m\/public\/aurora\/2021\/04\/104399.jpeg.webp?itok=Ol8f102l 1x\u0022 media=\u0022(min-width: 48.0625em) and (max-width: 64em)\u0022 type=\u0022image\/webp\u0022 width=\u0022323\u0022 height=\u0022182\u0022\/\u003E\n                  \u003Csource srcset=\u0022\/sites\/default\/files\/styles\/teaser_standard__l\/public\/aurora\/2021\/04\/104399.jpeg.webp?itok=goxzVhEU 1x\u0022 media=\u0022(min-width: 64.0625em)\u0022 type=\u0022image\/webp\u0022 width=\u0022203\u0022 height=\u0022114\u0022\/\u003E\n                  \u003Csource srcset=\u0022\/sites\/default\/files\/styles\/teaser_standard__m\/public\/aurora\/2021\/04\/104399.jpeg?itok=bYpCJzL1 1x\u0022 media=\u0022(min-width: 48.0625em) and (max-width: 64em)\u0022 type=\u0022image\/jpeg\u0022 width=\u0022323\u0022 height=\u0022182\u0022\/\u003E\n                  \u003Csource srcset=\u0022\/sites\/default\/files\/styles\/teaser_standard__l\/public\/aurora\/2021\/04\/104399.jpeg?itok=39DxTY1Q 1x\u0022 media=\u0022(min-width: 64.0625em)\u0022 type=\u0022image\/jpeg\u0022 width=\u0022203\u0022 height=\u0022114\u0022\/\u003E\n                          \u003Cimg alt=\u0022Bei Hochbauten und in den Bergen treten bei ISO-Einheiten teils \u00adhohe Klimallasten auf, die sich mittels Swisspacer Air vermeiden lassen.\u0022 loading=\u0022eager\u0022 data-caption-hide width=\u0022708\u0022 height=\u0022398\u0022 data-zoomed=\u0022https:\/\/www.glaswelt.de\/sites\/default\/files\/styles\/content__zoomed\/public\/aurora\/2021\/04\/104399.jpeg?itok=_vXhQQku\u0022 src=\u0022\/sites\/default\/files\/styles\/teaser_standard__s\/public\/aurora\/2021\/04\/104399.jpeg?itok=9KW7B3pn\u0022 title=\u0022\u00a9 Foto: Swisspacer\n\u0022 \/\u003E\n\n    \u003C\/picture\u003E\n      \u003Cfigcaption class=\u0022image--figcaption\u0022\u003E\n          \u003Cdiv class=\u0022copyright\u0022\u003EFoto: Swisspacer\n\u003C\/div\u003E\n          \u003C\/figcaption\u003E\n\u003C\/figure\u003E\n\n\n    \u003C\/div\u003E\n    \u003Cdiv class=\u0022teaser-content\u0022\u003E\n                    \u003Cdiv class=\u0022teaser-content--kicker\u0022\u003E\n                    Swisspacer\n        \u003C\/div\u003E\n                                              \n                        \n        \u003Ch4 class=\u0022teaser-content--headline\u0022\u003E\n                                Druckausgleich bei Isoliergl\u00e4sern jetzt mit Simulationstool \n                              \u003Cspan class=\u0022headline-last-word-arrow\u0022\u003Eplanen                      \u003C\/span\u003E\n        \u003C\/h4\u003E\n            \u003Cdiv class=\u0022teaser-content--body\u0022\u003E\u003Cp\u003EDer Anbieter f\u00fcr \u201eWarme Kante\u201c-Abstandhalter Swisspacer erweitert nun den Leistungsumfang des\u0026nbsp; Caluwin Online-Tools. Hier erl\u00e4utern wir, was das Tool leistet und wie ISO-Hersteller davon profitieren.\u003C\/p\u003E\n\u003C\/div\u003E\n                        \u003Cspan class=\u0022read-more-arrow-container\u0022\u003E\n            \u003Cspan class=\u0022read-more-angled-arrow\u0022\u003E \u003C\/span\u003E\n          \u003C\/span\u003E\n                  \u003C\/div\u003E\n    \u003C\/a\u003E\n\u003Ca href=\u0022\/glas\/abstandhalter-von-technoform-wer-verantwortet-heute-den-glasrandverbund\u0022  class=\u0022teaser teaser--standard\u0022 aria-label=\u0022Wer verantwortet heute den Glasrandverbund?\u0022\u003E\n      \u003Cdiv class=\u0022teaser-content--image\u0022\u003E\n        \u003Cfigure class=\u0022image--figure\u0022\u003E\n        \u003Cpicture\u003E\n                        \u003Csource srcset=\u0022\/sites\/default\/files\/styles\/teaser_standard__m\/public\/aurora\/2021\/03\/58375.jpeg.webp?itok=EAhMg4Yf 1x\u0022 media=\u0022(min-width: 48.0625em) and (max-width: 64em)\u0022 type=\u0022image\/webp\u0022 width=\u0022242\u0022 height=\u0022242\u0022\/\u003E\n                  \u003Csource srcset=\u0022\/sites\/default\/files\/styles\/teaser_standard__l\/public\/aurora\/2021\/03\/58375.jpeg.webp?itok=Goo9zzlT 1x\u0022 media=\u0022(min-width: 64.0625em)\u0022 type=\u0022image\/webp\u0022 width=\u0022152\u0022 height=\u0022152\u0022\/\u003E\n                  \u003Csource srcset=\u0022\/sites\/default\/files\/styles\/teaser_standard__m\/public\/aurora\/2021\/03\/58375.jpeg?itok=1u_iudRa 1x\u0022 media=\u0022(min-width: 48.0625em) and (max-width: 64em)\u0022 type=\u0022image\/jpeg\u0022 width=\u0022242\u0022 height=\u0022242\u0022\/\u003E\n                  \u003Csource srcset=\u0022\/sites\/default\/files\/styles\/teaser_standard__l\/public\/aurora\/2021\/03\/58375.jpeg?itok=gCUaCnEr 1x\u0022 media=\u0022(min-width: 64.0625em)\u0022 type=\u0022image\/jpeg\u0022 width=\u0022152\u0022 height=\u0022152\u0022\/\u003E\n                          \u003Cimg alt=\u0022Technoform bietet ein ausgesuchtes Sortiment an Abstandhaltern f\u00fcr thermisch optimierte Isoliergl\u00e4ser an.\u0022 loading=\u0022eager\u0022 data-caption-hide width=\u0022398\u0022 height=\u0022398\u0022 data-zoomed=\u0022https:\/\/www.glaswelt.de\/sites\/default\/files\/styles\/content__zoomed\/public\/aurora\/2021\/03\/58375.jpeg?itok=IOGQ4ub7\u0022 src=\u0022\/sites\/default\/files\/styles\/teaser_standard__s\/public\/aurora\/2021\/03\/58375.jpeg?itok=BE8w-eIU\u0022 title=\u0022\u00a9 Technoform\n\u0022 \/\u003E\n\n    \u003C\/picture\u003E\n      \u003Cfigcaption class=\u0022image--figcaption\u0022\u003E\n          \u003Cdiv class=\u0022copyright\u0022\u003ETechnoform\n\u003C\/div\u003E\n          \u003C\/figcaption\u003E\n\u003C\/figure\u003E\n\n\n    \u003C\/div\u003E\n    \u003Cdiv class=\u0022teaser-content\u0022\u003E\n                    \u003Cdiv class=\u0022teaser-content--kicker\u0022\u003E\n                    Abstandhalter von TECHNOFORM\n        \u003C\/div\u003E\n                                              \n                        \n        \u003Ch4 class=\u0022teaser-content--headline\u0022\u003E\n                                Wer verantwortet heute den \n                              \u003Cspan class=\u0022headline-last-word-arrow\u0022\u003EGlasrandverbund?                      \u003C\/span\u003E\n        \u003C\/h4\u003E\n            \u003Cdiv class=\u0022teaser-content--body\u0022\u003E\u003Cp\u003EEin thermisch optimierter und langlebiger Glasrandbereich kann nur funktionieren, wenn Planer, Konstrukteure und alle involvierten Hersteller an einem Strang ziehen. Technoform leistet seinen Beitrag mit thermisch optimierten Abstandhaltern, die einen Mehrwert in puncto Nachhaltigkeit, Qualit\u00e4t und Langlebigkeit bieten.\u003C\/p\u003E\n\u003C\/div\u003E\n                        \u003Cspan class=\u0022read-more-arrow-container\u0022\u003E\n            \u003Cspan class=\u0022read-more-angled-arrow\u0022\u003E \u003C\/span\u003E\n          \u003C\/span\u003E\n                  \u003C\/div\u003E\n    \u003C\/a\u003E\n\u003Ca href=\u0022\/glas\/saint-gobain-isolierglas-checkliste-leichtes-duennglas-iso-diese-6-punkte-sollten-sie-beachten\u0022  class=\u0022teaser teaser--standard\u0022 aria-label=\u0022Checkliste leichtes D\u00fcnnglas-ISO, diese 6 Punkte sollten Sie beachten\u0022\u003E\n      \u003Cdiv class=\u0022teaser-content--image\u0022\u003E\n        \u003Cfigure class=\u0022image--figure\u0022\u003E\n        \u003Cpicture\u003E\n                        \u003Csource srcset=\u0022\/sites\/default\/files\/styles\/teaser_standard__m\/public\/aurora\/2021\/02\/91939.jpeg.webp?itok=XEn7wBTN 1x\u0022 media=\u0022(min-width: 48.0625em) and (max-width: 64em)\u0022 type=\u0022image\/webp\u0022 width=\u0022323\u0022 height=\u0022215\u0022\/\u003E\n                  \u003Csource srcset=\u0022\/sites\/default\/files\/styles\/teaser_standard__l\/public\/aurora\/2021\/02\/91939.jpeg.webp?itok=Y7ogMmFB 1x\u0022 media=\u0022(min-width: 64.0625em)\u0022 type=\u0022image\/webp\u0022 width=\u0022203\u0022 height=\u0022135\u0022\/\u003E\n                  \u003Csource srcset=\u0022\/sites\/default\/files\/styles\/teaser_standard__m\/public\/aurora\/2021\/02\/91939.jpeg?itok=RDX5DD67 1x\u0022 media=\u0022(min-width: 48.0625em) and (max-width: 64em)\u0022 type=\u0022image\/jpeg\u0022 width=\u0022323\u0022 height=\u0022215\u0022\/\u003E\n                  \u003Csource srcset=\u0022\/sites\/default\/files\/styles\/teaser_standard__l\/public\/aurora\/2021\/02\/91939.jpeg?itok=cQecMooK 1x\u0022 media=\u0022(min-width: 64.0625em)\u0022 type=\u0022image\/jpeg\u0022 width=\u0022203\u0022 height=\u0022135\u0022\/\u003E\n                          \u003Cimg alt=\u0022Das Haus am Muehlenbach im Nordschwarzwald von Lieb + Lieb Architekten\u0022 loading=\u0022eager\u0022 data-caption-hide width=\u0022597\u0022 height=\u0022398\u0022 data-zoomed=\u0022https:\/\/www.glaswelt.de\/sites\/default\/files\/styles\/content__zoomed\/public\/aurora\/2021\/02\/91939.jpeg?itok=Y65-9QFZ\u0022 src=\u0022\/sites\/default\/files\/styles\/teaser_standard__s\/public\/aurora\/2021\/02\/91939.jpeg?itok=1jVm8MWG\u0022 title=\u0022\u00a9 Daniel Vieser, Architekturfotografie, Hildesheim\/Karlsruhe\n\u0022 \/\u003E\n\n    \u003C\/picture\u003E\n      \u003Cfigcaption class=\u0022image--figcaption\u0022\u003E\n          \u003Cdiv class=\u0022copyright\u0022\u003EDaniel Vieser, Architekturfotografie, Hildesheim\/Karlsruhe\n\u003C\/div\u003E\n          \u003C\/figcaption\u003E\n\u003C\/figure\u003E\n\n\n    \u003C\/div\u003E\n    \u003Cdiv class=\u0022teaser-content\u0022\u003E\n                    \u003Cdiv class=\u0022teaser-content--kicker\u0022\u003E\n                    Saint-Gobain Isolierglas\n        \u003C\/div\u003E\n                                              \n                        \n        \u003Ch4 class=\u0022teaser-content--headline\u0022\u003E\n                                Checkliste leichtes D\u00fcnnglas-ISO, diese 6 Punkte sollten Sie \n                              \u003Cspan class=\u0022headline-last-word-arrow\u0022\u003Ebeachten                      \u003C\/span\u003E\n        \u003C\/h4\u003E\n            \u003Cdiv class=\u0022teaser-content--body\u0022\u003E\u003Cp\u003ESaint-Gobain Glass bietet mit seiner Climatop Light Serie eine Reihe von leichten 3-fach-Isoliergl\u00e4sern an. Zu den technischen Details und zur Leistungsf\u00e4higkeit der leichten Isolierglas-Einheiten hat die GLASWELT eine Check-Liste aufgestellt.\u003C\/p\u003E\n\u003C\/div\u003E\n                        \u003Cspan class=\u0022read-more-arrow-container\u0022\u003E\n            \u003Cspan class=\u0022read-more-angled-arrow\u0022\u003E \u003C\/span\u003E\n          \u003C\/span\u003E\n                  \u003C\/div\u003E\n    \u003C\/a\u003E\n\u003Ca href=\u0022\/glas\/edgetech-spacer-fuer-die-warme-kante-diese-structural-glazing-spacer-lassen-sich-auch-manuell\u0022  class=\u0022teaser teaser--standard\u0022 aria-label=\u0022Diese Structural-Glazing Spacer lassen sich auch manuell verarbeiten\u0022\u003E\n      \u003Cdiv class=\u0022teaser-content--image\u0022\u003E\n        \u003Cfigure class=\u0022image--figure\u0022\u003E\n        \u003Cpicture\u003E\n                        \u003Csource srcset=\u0022\/sites\/default\/files\/styles\/teaser_standard__m\/public\/aurora\/2020\/12\/80155.jpeg.webp?itok=mn89BO0Q 1x\u0022 media=\u0022(min-width: 48.0625em) and (max-width: 64em)\u0022 type=\u0022image\/webp\u0022 width=\u0022323\u0022 height=\u0022228\u0022\/\u003E\n                  \u003Csource srcset=\u0022\/sites\/default\/files\/styles\/teaser_standard__l\/public\/aurora\/2020\/12\/80155.jpeg.webp?itok=4j_thPUW 1x\u0022 media=\u0022(min-width: 64.0625em)\u0022 type=\u0022image\/webp\u0022 width=\u0022203\u0022 height=\u0022143\u0022\/\u003E\n                  \u003Csource srcset=\u0022\/sites\/default\/files\/styles\/teaser_standard__m\/public\/aurora\/2020\/12\/80155.jpeg?itok=rNuyn4R- 1x\u0022 media=\u0022(min-width: 48.0625em) and (max-width: 64em)\u0022 type=\u0022image\/jpeg\u0022 width=\u0022323\u0022 height=\u0022228\u0022\/\u003E\n                  \u003Csource srcset=\u0022\/sites\/default\/files\/styles\/teaser_standard__l\/public\/aurora\/2020\/12\/80155.jpeg?itok=tIEU7Usj 1x\u0022 media=\u0022(min-width: 64.0625em)\u0022 type=\u0022image\/jpeg\u0022 width=\u0022203\u0022 height=\u0022143\u0022\/\u003E\n                          \u003Cimg alt=\u0022Warme Kante leicht gemacht: Die flexiblen Abstandhalter Super Spacer T-Spacer SG und TriSeal SG unterst\u00fctzen die Haftung der Prim\u00e4rdichtung.\u0022 loading=\u0022eager\u0022 data-caption-hide width=\u0022563\u0022 height=\u0022398\u0022 data-zoomed=\u0022https:\/\/www.glaswelt.de\/sites\/default\/files\/styles\/content__zoomed\/public\/aurora\/2020\/12\/80155.jpeg?itok=xE-WqQ0z\u0022 src=\u0022\/sites\/default\/files\/styles\/teaser_standard__s\/public\/aurora\/2020\/12\/80155.jpeg?itok=npoSBe20\u0022 title=\u0022\u00a9 Edgetech\n\u0022 \/\u003E\n\n    \u003C\/picture\u003E\n      \u003Cfigcaption class=\u0022image--figcaption\u0022\u003E\n          \u003Cdiv class=\u0022copyright\u0022\u003EEdgetech\n\u003C\/div\u003E\n          \u003C\/figcaption\u003E\n\u003C\/figure\u003E\n\n\n    \u003C\/div\u003E\n    \u003Cdiv class=\u0022teaser-content\u0022\u003E\n                    \u003Cdiv class=\u0022teaser-content--kicker\u0022\u003E\n                    Edgetech Spacer f\u00fcr die Warme Kante\n        \u003C\/div\u003E\n                                              \n                        \n        \u003Ch4 class=\u0022teaser-content--headline\u0022\u003E\n                                Diese Structural-Glazing Spacer lassen sich auch manuell \n                              \u003Cspan class=\u0022headline-last-word-arrow\u0022\u003Everarbeiten                      \u003C\/span\u003E\n        \u003C\/h4\u003E\n            \u003Cdiv class=\u0022teaser-content--body\u0022\u003E\u003Cp\u003EEdgetech\/Quanex stellt nun den manuell verarbeitbaren Super Spacer T-Spacer SG f\u00fcr Structural Glazing-Elemente und XXL-Formate vor, nachdem die Variante f\u00fcr die automatische Verarbeitung bereits fr\u00fcher im Jahr auf den Markt kam. Hier die Details.\u003C\/p\u003E\n\u003C\/div\u003E\n                        \u003Cspan class=\u0022read-more-arrow-container\u0022\u003E\n            \u003Cspan class=\u0022read-more-angled-arrow\u0022\u003E \u003C\/span\u003E\n          \u003C\/span\u003E\n                  \u003C\/div\u003E\n    \u003C\/a\u003E\n\u003Ca href=\u0022\/glas\/gaskonzentration-im-szr-von-2-fach-und-3-fach-iso-testen-sparklike-isolierglaeser-mithilfe-des\u0022  class=\u0022teaser teaser--standard\u0022 aria-label=\u0022Sparklike:\u00a0 Isoliergl\u00e4ser mithilfe des Lasers pr\u00fcfen\u0022\u003E\n      \u003Cdiv class=\u0022teaser-content--image\u0022\u003E\n        \u003Cfigure class=\u0022image--figure\u0022\u003E\n        \u003Cpicture\u003E\n                        \u003Csource srcset=\u0022\/sites\/default\/files\/styles\/teaser_standard__m\/public\/aurora\/2020\/10\/67210.jpeg.webp?itok=RK-hgscg 1x\u0022 media=\u0022(min-width: 48.0625em) and (max-width: 64em)\u0022 type=\u0022image\/webp\u0022 width=\u0022323\u0022 height=\u0022215\u0022\/\u003E\n                  \u003Csource srcset=\u0022\/sites\/default\/files\/styles\/teaser_standard__l\/public\/aurora\/2020\/10\/67210.jpeg.webp?itok=cLx21fAl 1x\u0022 media=\u0022(min-width: 64.0625em)\u0022 type=\u0022image\/webp\u0022 width=\u0022203\u0022 height=\u0022135\u0022\/\u003E\n                  \u003Csource srcset=\u0022\/sites\/default\/files\/styles\/teaser_standard__m\/public\/aurora\/2020\/10\/67210.jpeg?itok=UXzrNU29 1x\u0022 media=\u0022(min-width: 48.0625em) and (max-width: 64em)\u0022 type=\u0022image\/jpeg\u0022 width=\u0022323\u0022 height=\u0022215\u0022\/\u003E\n                  \u003Csource srcset=\u0022\/sites\/default\/files\/styles\/teaser_standard__l\/public\/aurora\/2020\/10\/67210.jpeg?itok=Nhpph8YY 1x\u0022 media=\u0022(min-width: 64.0625em)\u0022 type=\u0022image\/jpeg\u0022 width=\u0022203\u0022 height=\u0022135\u0022\/\u003E\n                          \u003Cimg alt=\u0022Der Ergogrip des Sparklike Laser Portable 2.0, der mit drei Griffen und Startkn\u00f6pfen ausgestattet   ist, \u00aderleichtert die Handhabe in verschiedenen Mess\u00adpositionen.\u0022 loading=\u0022eager\u0022 data-caption-hide width=\u0022597\u0022 height=\u0022398\u0022 data-zoomed=\u0022https:\/\/www.glaswelt.de\/sites\/default\/files\/styles\/content__zoomed\/public\/aurora\/2020\/10\/67210.jpeg?itok=WcMwUMmE\u0022 src=\u0022\/sites\/default\/files\/styles\/teaser_standard__s\/public\/aurora\/2020\/10\/67210.jpeg?itok=M6YqpMUo\u0022 title=\u0022\u00a9 Foto: Sparklike Oy\n\u0022 \/\u003E\n\n    \u003C\/picture\u003E\n      \u003Cfigcaption class=\u0022image--figcaption\u0022\u003E\n          \u003Cdiv class=\u0022copyright\u0022\u003EFoto: Sparklike Oy\n\u003C\/div\u003E\n          \u003C\/figcaption\u003E\n\u003C\/figure\u003E\n\n\n    \u003C\/div\u003E\n    \u003Cdiv class=\u0022teaser-content\u0022\u003E\n                    \u003Cdiv class=\u0022teaser-content--kicker\u0022\u003E\n                    Gaskonzentration im SZR von 2-fach- und 3-fach Iso testen\n        \u003C\/div\u003E\n                                              \n                        \n        \u003Ch4 class=\u0022teaser-content--headline\u0022\u003E\n                                Sparklike:\u00a0 Isoliergl\u00e4ser mithilfe des Lasers \n                              \u003Cspan class=\u0022headline-last-word-arrow\u0022\u003Epr\u00fcfen                      \u003C\/span\u003E\n        \u003C\/h4\u003E\n            \u003Cdiv class=\u0022teaser-content--body\u0022\u003E\u003Cp\u003EMit dem Laser Portable 2.0 hat Sparklike Oy ein mobiles Pr\u00fcfger\u00e4t f\u00fcr die zerst\u00f6rungsfreies Messung von Isoliergl\u00e4sern auf den Markt gebracht, das auch die Messung von Scheiben auf der Baustelle erlaubt. Hier die Details.\u003C\/p\u003E\n\u003C\/div\u003E\n                        \u003Cspan class=\u0022read-more-arrow-container\u0022\u003E\n            \u003Cspan class=\u0022read-more-angled-arrow\u0022\u003E \u003C\/span\u003E\n          \u003C\/span\u003E\n                  \u003C\/div\u003E\n    \u003C\/a\u003E\n\u003Ca href=\u0022\/glas\/sicherheits-isolierglaeser-mit-duennglas-polycarbonat-verbundtafeln-teil-02-noch-nie-gab-es\u0022  class=\u0022teaser teaser--standard\u0022 aria-label=\u0022Noch nie gab es ein so sicheres 3-fach-ISO\r\u0022\u003E\n      \u003Cdiv class=\u0022teaser-content--image\u0022\u003E\n        \u003Cfigure class=\u0022image--figure\u0022\u003E\n        \u003Cpicture\u003E\n                        \u003Csource srcset=\u0022\/sites\/default\/files\/styles\/teaser_standard__m\/public\/aurora\/2020\/12\/61978.jpeg.webp?itok=4PAhUDX4 1x\u0022 media=\u0022(min-width: 48.0625em) and (max-width: 64em)\u0022 type=\u0022image\/webp\u0022 width=\u0022323\u0022 height=\u0022215\u0022\/\u003E\n                  \u003Csource srcset=\u0022\/sites\/default\/files\/styles\/teaser_standard__l\/public\/aurora\/2020\/12\/61978.jpeg.webp?itok=7lHIsdoD 1x\u0022 media=\u0022(min-width: 64.0625em)\u0022 type=\u0022image\/webp\u0022 width=\u0022203\u0022 height=\u0022135\u0022\/\u003E\n                  \u003Csource srcset=\u0022\/sites\/default\/files\/styles\/teaser_standard__m\/public\/aurora\/2020\/12\/61978.jpeg?itok=Z7ALxqBn 1x\u0022 media=\u0022(min-width: 48.0625em) and (max-width: 64em)\u0022 type=\u0022image\/jpeg\u0022 width=\u0022323\u0022 height=\u0022215\u0022\/\u003E\n                  \u003Csource srcset=\u0022\/sites\/default\/files\/styles\/teaser_standard__l\/public\/aurora\/2020\/12\/61978.jpeg?itok=Kzx-zinI 1x\u0022 media=\u0022(min-width: 64.0625em)\u0022 type=\u0022image\/jpeg\u0022 width=\u0022203\u0022 height=\u0022135\u0022\/\u003E\n                          \u003Cimg alt=\u002201: Pr\u00fcfung mit der Axt zum Nachweis des Widerstandes gegen \u00admanuellen Angriff f\u00fcr ein Dreischeiben-Isolierglas aus zwei D\u00fcnnglas-Poly\u00adcarbonat-Verbundtafeln.\u0022 loading=\u0022eager\u0022 data-caption-hide width=\u0022597\u0022 height=\u0022398\u0022 data-zoomed=\u0022https:\/\/www.glaswelt.de\/sites\/default\/files\/styles\/content__zoomed\/public\/aurora\/2020\/12\/61978.jpeg?itok=iCroLlp1\u0022 src=\u0022\/sites\/default\/files\/styles\/teaser_standard__s\/public\/aurora\/2020\/12\/61978.jpeg?itok=n7mu2G1G\u0022 title=\u0022\u00a9 Bild: Universit\u00e4t Siegen\n\u0022 \/\u003E\n\n    \u003C\/picture\u003E\n      \u003Cfigcaption class=\u0022image--figcaption\u0022\u003E\n          \u003Cdiv class=\u0022copyright\u0022\u003EBild: Universit\u00e4t Siegen\n\u003C\/div\u003E\n          \u003C\/figcaption\u003E\n\u003C\/figure\u003E\n\n\n    \u003C\/div\u003E\n    \u003Cdiv class=\u0022teaser-content\u0022\u003E\n                    \u003Cdiv class=\u0022teaser-content--kicker\u0022\u003E\n                    Sicherheits-Isoliergl\u00e4ser mit D\u00fcnnglas-Polycarbonat-Verbundtafeln\u0026#13;, Teil 02\n        \u003C\/div\u003E\n                                              \n                        \n        \u003Ch4 class=\u0022teaser-content--headline\u0022\u003E\n                                Noch nie gab es ein so sicheres \n                              \u003Cspan class=\u0022headline-last-word-arrow\u0022\u003E3-fach-ISO                      \u003C\/span\u003E\n        \u003C\/h4\u003E\n            \u003Cdiv class=\u0022teaser-content--body\u0022\u003E\u003Cp\u003EIn einem gemeinsamen Forschungsprojekt entwickelten die Universit\u00e4t Siegen und der Glasanbieter Silatec ein neuartiges 3-fach-Isolierglas mit D\u00fcnnglas und Polycarbonat, das durch die erstmalige Aktivierung aller Schichten f\u00fcr die Angriffhemmung die h\u00f6chste Widerstandsklasse P8B gegen manuellen Angriff erreicht. Nachfolgend stellen die Forscher die Details vor.\u003C\/p\u003E\n\u003C\/div\u003E\n                        \u003Cspan class=\u0022read-more-arrow-container\u0022\u003E\n            \u003Cspan class=\u0022read-more-angled-arrow\u0022\u003E \u003C\/span\u003E\n          \u003C\/span\u003E\n                  \u003C\/div\u003E\n    \u003C\/a\u003E\n\u003Ca href=\u0022\/glas\/super-spacer-im-basecamp-0\u0022  class=\u0022teaser teaser--standard\u0022 aria-label=\u0022Super Spacer im BaseCamp \u0022\u003E\n      \u003Cdiv class=\u0022teaser-content--image\u0022\u003E\n        \u003Cfigure class=\u0022image--figure\u0022\u003E\n        \u003Cpicture\u003E\n                        \u003Csource srcset=\u0022\/sites\/default\/files\/styles\/teaser_standard__m\/public\/aurora\/2020\/10\/66687.jpeg.webp?itok=If-eriBn 1x\u0022 media=\u0022(min-width: 48.0625em) and (max-width: 64em)\u0022 type=\u0022image\/webp\u0022 width=\u0022323\u0022 height=\u0022215\u0022\/\u003E\n                  \u003Csource srcset=\u0022\/sites\/default\/files\/styles\/teaser_standard__l\/public\/aurora\/2020\/10\/66687.jpeg.webp?itok=oWzMMyCs 1x\u0022 media=\u0022(min-width: 64.0625em)\u0022 type=\u0022image\/webp\u0022 width=\u0022203\u0022 height=\u0022135\u0022\/\u003E\n                  \u003Csource srcset=\u0022\/sites\/default\/files\/styles\/teaser_standard__m\/public\/aurora\/2020\/10\/66687.jpeg?itok=TpRejzvk 1x\u0022 media=\u0022(min-width: 48.0625em) and (max-width: 64em)\u0022 type=\u0022image\/jpeg\u0022 width=\u0022323\u0022 height=\u0022215\u0022\/\u003E\n                  \u003Csource srcset=\u0022\/sites\/default\/files\/styles\/teaser_standard__l\/public\/aurora\/2020\/10\/66687.jpeg?itok=5znr5Apo 1x\u0022 media=\u0022(min-width: 64.0625em)\u0022 type=\u0022image\/jpeg\u0022 width=\u0022203\u0022 height=\u0022135\u0022\/\u003E\n                          \u003Cimg alt=\u0022Um die Baukosten einzuhalten, konstruierte das d\u00e4nische B\u00fcro Lars Gitz Architects ein trapezf\u00f6rmiges Fassaden-Modul, das gedreht und unterschiedlich hoch gestapelt wurde und so die sanft gerundete Geb\u00e4udestruktur ergibt.\u0022 loading=\u0022eager\u0022 data-caption-hide width=\u0022597\u0022 height=\u0022398\u0022 data-zoomed=\u0022https:\/\/www.glaswelt.de\/sites\/default\/files\/styles\/content__zoomed\/public\/aurora\/2020\/10\/66687.jpeg?itok=EGZLbYN0\u0022 src=\u0022\/sites\/default\/files\/styles\/teaser_standard__s\/public\/aurora\/2020\/10\/66687.jpeg?itok=RIzip43x\u0022 title=\u0022\u00a9 Kontraframe \/ Thorbj\u00afrn Hansen\n\u0022 \/\u003E\n\n    \u003C\/picture\u003E\n      \u003Cfigcaption class=\u0022image--figcaption\u0022\u003E\n          \u003Cdiv class=\u0022copyright\u0022\u003EKontraframe \/ Thorbj\u00afrn Hansen\n\u003C\/div\u003E\n          \u003C\/figcaption\u003E\n\u003C\/figure\u003E\n\n\n    \u003C\/div\u003E\n    \u003Cdiv class=\u0022teaser-content\u0022\u003E\n                    \u003Cdiv class=\u0022teaser-content--kicker\u0022\u003E\n                    \n        \u003C\/div\u003E\n                                              \n                        \n        \u003Ch4 class=\u0022teaser-content--headline\u0022\u003E\n                                Super Spacer im \n                              \u003Cspan class=\u0022headline-last-word-arrow\u0022\u003EBaseCamp                      \u003C\/span\u003E\n        \u003C\/h4\u003E\n            \u003Cdiv class=\u0022teaser-content--body\u0022\u003E\u003Cp\u003EKomplexen Anforderungen mussten beim Bau der Studentenwohnanlage BaseCamp Lyngby in Kopenhagen erf\u00fcllt werden. Modulare Bauelemente, kosteng\u00fcnstige, recycelbare Fassadenmaterialien, regenerative Energien sowie Geb\u00e4udebegr\u00fcnung waren gefordert. Hier lesen Sie, warum auch die Fassadengl\u00e4ser mit Warmer Kante von Edgetech eine entscheidende Rolle zum Erfolg spielten.\u003C\/p\u003E\n\u003C\/div\u003E\n                        \u003Cspan class=\u0022read-more-arrow-container\u0022\u003E\n            \u003Cspan class=\u0022read-more-angled-arrow\u0022\u003E \u003C\/span\u003E\n          \u003C\/span\u003E\n                  \u003C\/div\u003E\n    \u003C\/a\u003E\n\u003Ca href=\u0022\/glas\/fineoglass-jetzt-fineo-vakuum-iso-auch-deutschland-erhaeltlich\u0022  class=\u0022teaser teaser--standard\u0022 aria-label=\u0022Fineoglass: Jetzt Fineo Vakuum-ISO auch in Deutschland erh\u00e4ltlich\u0022\u003E\n      \u003Cdiv class=\u0022teaser-content--image\u0022\u003E\n        \u003Cfigure class=\u0022image--figure\u0022\u003E\n        \u003Cpicture\u003E\n                        \u003Csource srcset=\u0022\/sites\/default\/files\/styles\/teaser_standard__m\/public\/aurora\/2020\/10\/68442.jpeg.webp?itok=ywewQPIY 1x\u0022 media=\u0022(min-width: 48.0625em) and (max-width: 64em)\u0022 type=\u0022image\/webp\u0022 width=\u0022323\u0022 height=\u0022231\u0022\/\u003E\n                  \u003Csource srcset=\u0022\/sites\/default\/files\/styles\/teaser_standard__l\/public\/aurora\/2020\/10\/68442.jpeg.webp?itok=ilas2M6t 1x\u0022 media=\u0022(min-width: 64.0625em)\u0022 type=\u0022image\/webp\u0022 width=\u0022203\u0022 height=\u0022145\u0022\/\u003E\n                  \u003Csource srcset=\u0022\/sites\/default\/files\/styles\/teaser_standard__m\/public\/aurora\/2020\/10\/68442.jpeg?itok=fFkf0VAd 1x\u0022 media=\u0022(min-width: 48.0625em) and (max-width: 64em)\u0022 type=\u0022image\/jpeg\u0022 width=\u0022323\u0022 height=\u0022231\u0022\/\u003E\n                  \u003Csource srcset=\u0022\/sites\/default\/files\/styles\/teaser_standard__l\/public\/aurora\/2020\/10\/68442.jpeg?itok=AzyuSwWk 1x\u0022 media=\u0022(min-width: 64.0625em)\u0022 type=\u0022image\/jpeg\u0022 width=\u0022203\u0022 height=\u0022145\u0022\/\u003E\n                          \u003Cimg alt=\u0022Das Vakuum-Isolierglas Fineo l\u00e4sst sich gut bei der Sanierung einsetzen. Es passt teils in die bestehenden Fensterprofile.\u0022 loading=\u0022eager\u0022 data-caption-hide width=\u0022557\u0022 height=\u0022398\u0022 data-zoomed=\u0022https:\/\/www.glaswelt.de\/sites\/default\/files\/styles\/content__zoomed\/public\/aurora\/2020\/10\/68442.jpeg?itok=yttahGVF\u0022 src=\u0022\/sites\/default\/files\/styles\/teaser_standard__s\/public\/aurora\/2020\/10\/68442.jpeg?itok=dDkhYRhB\u0022 title=\u0022\u00a9 Foto: Fineoglass\n\u0022 \/\u003E\n\n    \u003C\/picture\u003E\n      \u003Cfigcaption class=\u0022image--figcaption\u0022\u003E\n          \u003Cdiv class=\u0022copyright\u0022\u003EFoto: Fineoglass\n\u003C\/div\u003E\n          \u003C\/figcaption\u003E\n\u003C\/figure\u003E\n\n\n    \u003C\/div\u003E\n    \u003Cdiv class=\u0022teaser-content\u0022\u003E\n                    \u003Cdiv class=\u0022teaser-content--kicker\u0022\u003E\n                    \n        \u003C\/div\u003E\n                                              \n                        \n        \u003Ch4 class=\u0022teaser-content--headline\u0022\u003E\n                                Fineoglass: Jetzt Fineo Vakuum-ISO auch in Deutschland \n                              \u003Cspan class=\u0022headline-last-word-arrow\u0022\u003Eerh\u00e4ltlich                      \u003C\/span\u003E\n        \u003C\/h4\u003E\n            \u003Cdiv class=\u0022teaser-content--body\u0022\u003E\u003Cp\u003EAb sofort ist das Vakuum-Isolierglas \u201eFineo\u201c des belgischen Anbieters Fineoglass (ein Unternehmen der europ\u00e4ischen AGC-Gruppe) auch in den deutschsprachigen M\u00e4rkten verf\u00fcgbar. Hier erfahren Sie technische Details zum \u201eFineo\u201c-Vakuumglas.\u003C\/p\u003E\n\u003C\/div\u003E\n                        \u003Cspan class=\u0022read-more-arrow-container\u0022\u003E\n            \u003Cspan class=\u0022read-more-angled-arrow\u0022\u003E \u003C\/span\u003E\n          \u003C\/span\u003E\n                  \u003C\/div\u003E\n    \u003C\/a\u003E\n\u003Ca href=\u0022\/top-thema\/glass-alliance-weltweit-groesstes-spacer-angebot\u0022  class=\u0022teaser teaser--standard\u0022 aria-label=\u0022Weltweit gr\u00f6\u00dftes Spacer-Angebot \r\u0022\u003E\n      \u003Cdiv class=\u0022teaser-content--image\u0022\u003E\n        \u003Cfigure class=\u0022image--figure\u0022\u003E\n        \u003Cpicture\u003E\n                        \u003Csource srcset=\u0022\/sites\/default\/files\/styles\/teaser_standard__m\/public\/aurora\/2020\/10\/62081.png.webp?itok=1a-CbWc1 1x\u0022 media=\u0022(min-width: 48.0625em) and (max-width: 64em)\u0022 type=\u0022image\/webp\u0022 width=\u0022323\u0022 height=\u0022197\u0022\/\u003E\n                  \u003Csource srcset=\u0022\/sites\/default\/files\/styles\/teaser_standard__l\/public\/aurora\/2020\/10\/62081.png.webp?itok=C7uBnQRm 1x\u0022 media=\u0022(min-width: 64.0625em)\u0022 type=\u0022image\/webp\u0022 width=\u0022203\u0022 height=\u0022124\u0022\/\u003E\n                  \u003Csource srcset=\u0022\/sites\/default\/files\/styles\/teaser_standard__m\/public\/aurora\/2020\/10\/62081.png?itok=8_3vV5sV 1x\u0022 media=\u0022(min-width: 48.0625em) and (max-width: 64em)\u0022 type=\u0022image\/png\u0022 width=\u0022323\u0022 height=\u0022197\u0022\/\u003E\n                  \u003Csource srcset=\u0022\/sites\/default\/files\/styles\/teaser_standard__l\/public\/aurora\/2020\/10\/62081.png?itok=FZm_M9cd 1x\u0022 media=\u0022(min-width: 64.0625em)\u0022 type=\u0022image\/png\u0022 width=\u0022203\u0022 height=\u0022124\u0022\/\u003E\n                          \u003Cimg alt=\u0022Der doppelschichtige Aufbau des Chromatech Ultra Abstandhalters sorgt f\u00fcr eine h\u00f6here Steifigkeit\u0022 loading=\u0022eager\u0022 data-caption-hide width=\u0022654\u0022 height=\u0022398\u0022 data-zoomed=\u0022https:\/\/www.glaswelt.de\/sites\/default\/files\/styles\/content__zoomed\/public\/aurora\/2020\/10\/62081.png?itok=0y3eLDJ2\u0022 src=\u0022\/sites\/default\/files\/styles\/teaser_standard__s\/public\/aurora\/2020\/10\/62081.png?itok=L2WV86Kz\u0022 title=\u0022\u00a9 Foto: Fenzi\n\u0022 \/\u003E\n\n    \u003C\/picture\u003E\n      \u003Cfigcaption class=\u0022image--figcaption\u0022\u003E\n          \u003Cdiv class=\u0022copyright\u0022\u003EFoto: Fenzi\n\u003C\/div\u003E\n          \u003C\/figcaption\u003E\n\u003C\/figure\u003E\n\n\n    \u003C\/div\u003E\n    \u003Cdiv class=\u0022teaser-content\u0022\u003E\n                    \u003Cdiv class=\u0022teaser-content--kicker\u0022\u003E\n                    Glass Alliance \u0026#13;\n        \u003C\/div\u003E\n                                              \n                        \n        \u003Ch4 class=\u0022teaser-content--headline\u0022\u003E\n                                Weltweit gr\u00f6\u00dftes \n                              \u003Cspan class=\u0022headline-last-word-arrow\u0022\u003ESpacer-Angebot                      \u003C\/span\u003E\n        \u003C\/h4\u003E\n            \u003Cdiv class=\u0022teaser-content--body\u0022\u003E  \u003Cp\u003EDie Glass Alliance vertreibt weltweit alle Produkte zur Herstellung von Isolierglas, und bietet hierzu ein breites und umfassendes Angebot an Warm Edge Abstandhaltern an, das alle Anforderungen erf\u00fcllt. Zum Netzwerk z\u00e4hlen Fenzi, Alu Pro, Rolltech und Tecglass, die Profile mit unterschiedlichen...\u003C\/p\u003E\n\n\n\u003C\/div\u003E\n                        \u003Cspan class=\u0022read-more-arrow-container\u0022\u003E\n            \u003Cspan class=\u0022read-more-angled-arrow\u0022\u003E \u003C\/span\u003E\n          \u003C\/span\u003E\n                  \u003C\/div\u003E\n    \u003C\/a\u003E\n\u003Ca href=\u0022\/glas\/edgetech-spacer-fuer-structural-glazing-und-xxl-glaeser\u0022  class=\u0022teaser teaser--standard\u0022 aria-label=\u0022Spacer f\u00fcr Structural Glazing und XXL Gl\u00e4ser\r\u0022\u003E\n      \u003Cdiv class=\u0022teaser-content--image\u0022\u003E\n        \u003Cfigure class=\u0022image--figure\u0022\u003E\n        \u003Cpicture\u003E\n                        \u003Csource srcset=\u0022\/sites\/default\/files\/styles\/teaser_standard__m\/public\/aurora\/2020\/10\/55188.jpeg.webp?itok=LY4BdMpm 1x\u0022 media=\u0022(min-width: 48.0625em) and (max-width: 64em)\u0022 type=\u0022image\/webp\u0022 width=\u0022161\u0022 height=\u0022242\u0022\/\u003E\n                  \u003Csource srcset=\u0022\/sites\/default\/files\/styles\/teaser_standard__l\/public\/aurora\/2020\/10\/55188.jpeg.webp?itok=9LqF7cUK 1x\u0022 media=\u0022(min-width: 64.0625em)\u0022 type=\u0022image\/webp\u0022 width=\u0022101\u0022 height=\u0022152\u0022\/\u003E\n                  \u003Csource srcset=\u0022\/sites\/default\/files\/styles\/teaser_standard__m\/public\/aurora\/2020\/10\/55188.jpeg?itok=RIyiums6 1x\u0022 media=\u0022(min-width: 48.0625em) and (max-width: 64em)\u0022 type=\u0022image\/jpeg\u0022 width=\u0022161\u0022 height=\u0022242\u0022\/\u003E\n                  \u003Csource srcset=\u0022\/sites\/default\/files\/styles\/teaser_standard__l\/public\/aurora\/2020\/10\/55188.jpeg?itok=YR2KolAw 1x\u0022 media=\u0022(min-width: 64.0625em)\u0022 type=\u0022image\/jpeg\u0022 width=\u0022101\u0022 height=\u0022152\u0022\/\u003E\n                          \u003Cimg alt=\u0022Der neue Spacer eignet sich f\u00fcr Sondergl\u00e4ser.\u0022 loading=\u0022eager\u0022 data-caption-hide width=\u0022265\u0022 height=\u0022398\u0022 data-zoomed=\u0022https:\/\/www.glaswelt.de\/sites\/default\/files\/styles\/content__zoomed\/public\/aurora\/2020\/10\/55188.jpeg?itok=yGFBW_S2\u0022 src=\u0022\/sites\/default\/files\/styles\/teaser_standard__s\/public\/aurora\/2020\/10\/55188.jpeg?itok=bNpLj_dw\u0022 title=\u0022\u00a9 Foto: Quanex\n\u0022 \/\u003E\n\n    \u003C\/picture\u003E\n      \u003Cfigcaption class=\u0022image--figcaption\u0022\u003E\n          \u003Cdiv class=\u0022copyright\u0022\u003EFoto: Quanex\n\u003C\/div\u003E\n          \u003C\/figcaption\u003E\n\u003C\/figure\u003E\n\n\n    \u003C\/div\u003E\n    \u003Cdiv class=\u0022teaser-content\u0022\u003E\n                    \u003Cdiv class=\u0022teaser-content--kicker\u0022\u003E\n                    Edgetech\ufeff\u0026#13;\n        \u003C\/div\u003E\n                                              \n                        \n        \u003Ch4 class=\u0022teaser-content--headline\u0022\u003E\n                                Spacer f\u00fcr Structural Glazing und XXL \n                              \u003Cspan class=\u0022headline-last-word-arrow\u0022\u003EGl\u00e4ser                      \u003C\/span\u003E\n        \u003C\/h4\u003E\n            \u003Cdiv class=\u0022teaser-content--body\u0022\u003E\u003Cp\u003EMit dem Super Spacer T-Spacer SG stellt Edgetech eine Weiterentwicklung vor, die speziell f\u00fcr Structural Glazing und XXL Gl\u00e4ser konzipiert wurde, um die Eigenschaften des Randverbunds in Bezug auf Langlebigkeit zu optimieren. Hier erfahren Sie, wie der  Spacer f\u00fcr Verarbeitung auf automatischen ISO-Linien f\u00fcr Gro\u00dfformate angepasst wurde.\u003C\/p\u003E\n\u003C\/div\u003E\n                        \u003Cspan class=\u0022read-more-arrow-container\u0022\u003E\n            \u003Cspan class=\u0022read-more-angled-arrow\u0022\u003E \u003C\/span\u003E\n          \u003C\/span\u003E\n                  \u003C\/div\u003E\n    \u003C\/a\u003E\n\u003Ca href=\u0022\/top-thema\/eduard-kronenberg-sprossenzubehoer-sortiment-fuer-isolierglas-erweitert\u0022  class=\u0022teaser teaser--standard\u0022 aria-label=\u0022Sprossenzubeh\u00f6r-Sortiment f\u00fcr Isolierglas erweitert\r\u0022\u003E\n      \u003Cdiv class=\u0022teaser-content--image\u0022\u003E\n        \u003Cfigure class=\u0022image--figure\u0022\u003E\n        \u003Cpicture\u003E\n                        \u003Csource srcset=\u0022\/sites\/default\/files\/styles\/teaser_standard__m\/public\/aurora\/2020\/10\/66026.jpeg.webp?itok=tbe775Ds 1x\u0022 media=\u0022(min-width: 48.0625em) and (max-width: 64em)\u0022 type=\u0022image\/webp\u0022 width=\u0022267\u0022 height=\u0022242\u0022\/\u003E\n                  \u003Csource srcset=\u0022\/sites\/default\/files\/styles\/teaser_standard__l\/public\/aurora\/2020\/10\/66026.jpeg.webp?itok=VEUikB2T 1x\u0022 media=\u0022(min-width: 64.0625em)\u0022 type=\u0022image\/webp\u0022 width=\u0022168\u0022 height=\u0022152\u0022\/\u003E\n                  \u003Csource srcset=\u0022\/sites\/default\/files\/styles\/teaser_standard__m\/public\/aurora\/2020\/10\/66026.jpeg?itok=LErSMC6h 1x\u0022 media=\u0022(min-width: 48.0625em) and (max-width: 64em)\u0022 type=\u0022image\/jpeg\u0022 width=\u0022267\u0022 height=\u0022242\u0022\/\u003E\n                  \u003Csource srcset=\u0022\/sites\/default\/files\/styles\/teaser_standard__l\/public\/aurora\/2020\/10\/66026.jpeg?itok=wSmkZ9gg 1x\u0022 media=\u0022(min-width: 64.0625em)\u0022 type=\u0022image\/jpeg\u0022 width=\u0022168\u0022 height=\u0022152\u0022\/\u003E\n                          \u003Cimg alt=\u0022Neu von EK Kronenberg: Die Polo Connect Sprossenverbinder der NXT-Serie\u0022 loading=\u0022eager\u0022 data-caption-hide width=\u0022439\u0022 height=\u0022398\u0022 data-zoomed=\u0022https:\/\/www.glaswelt.de\/sites\/default\/files\/styles\/content__zoomed\/public\/aurora\/2020\/10\/66026.jpeg?itok=vlPJoE7Q\u0022 src=\u0022\/sites\/default\/files\/styles\/teaser_standard__s\/public\/aurora\/2020\/10\/66026.jpeg?itok=sUfjQwE5\u0022 title=\u0022\u00a9 Foto: EK Kronenberg\n\u0022 \/\u003E\n\n    \u003C\/picture\u003E\n      \u003Cfigcaption class=\u0022image--figcaption\u0022\u003E\n          \u003Cdiv class=\u0022copyright\u0022\u003EFoto: EK Kronenberg\n\u003C\/div\u003E\n          \u003C\/figcaption\u003E\n\u003C\/figure\u003E\n\n\n    \u003C\/div\u003E\n    \u003Cdiv class=\u0022teaser-content\u0022\u003E\n                    \u003Cdiv class=\u0022teaser-content--kicker\u0022\u003E\n                    Eduard Kronenberg\u0026#13;\n        \u003C\/div\u003E\n                                              \n                        \n        \u003Ch4 class=\u0022teaser-content--headline\u0022\u003E\n                                Sprossenzubeh\u00f6r-Sortiment f\u00fcr Isolierglas \n                              \u003Cspan class=\u0022headline-last-word-arrow\u0022\u003Eerweitert                      \u003C\/span\u003E\n        \u003C\/h4\u003E\n            \u003Cdiv class=\u0022teaser-content--body\u0022\u003E  \u003Cp\u003EDer Hersteller von Pr\u00e4zisionsteilen aus Stahl und Kunststoff, Eduard Kronenberg GmbH, erweitert Sprosse f\u00fcr Sprosse sein Verbinder-Produktspektrum. Ab sofort bietet die neue NXT-Serie von EK den Isolierglas-Herstellern beim Sprossenzubeh\u00f6r ein noch gr\u00f6\u00dferes Produktspektrum. \u003Cbr\u003E\n\u003C\/p\u003E\n\u003Cp\u003EMit der NXT-Serie wird...\u003C\/p\u003E\n\n\n\u003C\/div\u003E\n                        \u003Cspan class=\u0022read-more-arrow-container\u0022\u003E\n            \u003Cspan class=\u0022read-more-angled-arrow\u0022\u003E \u003C\/span\u003E\n          \u003C\/span\u003E\n                  \u003C\/div\u003E\n    \u003C\/a\u003E\n\u003Ca href=\u0022\/glas\/hb-fuller-koemmerling-warme-kante-fuer-das-newton\u0022  class=\u0022teaser teaser--standard\u0022 aria-label=\u0022Warme Kante f\u00fcr das Newton\r\u0022\u003E\n      \u003Cdiv class=\u0022teaser-content--image\u0022\u003E\n        \u003Cfigure class=\u0022image--figure\u0022\u003E\n        \u003Cpicture\u003E\n                        \u003Csource srcset=\u0022\/sites\/default\/files\/styles\/teaser_standard__m\/public\/aurora\/2020\/10\/57476.jpeg.webp?itok=oixAQIpS 1x\u0022 media=\u0022(min-width: 48.0625em) and (max-width: 64em)\u0022 type=\u0022image\/webp\u0022 width=\u0022323\u0022 height=\u0022216\u0022\/\u003E\n                  \u003Csource srcset=\u0022\/sites\/default\/files\/styles\/teaser_standard__l\/public\/aurora\/2020\/10\/57476.jpeg.webp?itok=Pj-xjQAM 1x\u0022 media=\u0022(min-width: 64.0625em)\u0022 type=\u0022image\/webp\u0022 width=\u0022203\u0022 height=\u0022136\u0022\/\u003E\n                  \u003Csource srcset=\u0022\/sites\/default\/files\/styles\/teaser_standard__m\/public\/aurora\/2020\/10\/57476.jpeg?itok=Mo3bmpxT 1x\u0022 media=\u0022(min-width: 48.0625em) and (max-width: 64em)\u0022 type=\u0022image\/jpeg\u0022 width=\u0022323\u0022 height=\u0022216\u0022\/\u003E\n                  \u003Csource srcset=\u0022\/sites\/default\/files\/styles\/teaser_standard__l\/public\/aurora\/2020\/10\/57476.jpeg?itok=Xanh_bnm 1x\u0022 media=\u0022(min-width: 64.0625em)\u0022 type=\u0022image\/jpeg\u0022 width=\u0022203\u0022 height=\u0022136\u0022\/\u003E\n                          \u003Cimg alt=\u0022Das Newton in M\u00fcnchen gilt als innovatives Beispiel f\u00fcr nachhaltiges und zukunftsgerechtes Bauen und wurde  mit dem Platin-Zertifikat der DGNB ausgezeichnet.\u0022 loading=\u0022eager\u0022 data-caption-hide width=\u0022596\u0022 height=\u0022398\u0022 data-zoomed=\u0022https:\/\/www.glaswelt.de\/sites\/default\/files\/styles\/content__zoomed\/public\/aurora\/2020\/10\/57476.jpeg?itok=BJe-zYEa\u0022 src=\u0022\/sites\/default\/files\/styles\/teaser_standard__s\/public\/aurora\/2020\/10\/57476.jpeg?itok=D4C2l5Ze\u0022 title=\u0022\u00a9 Foto: H.B. Fuller | K\u00f6mmerling, Martin L\u00e4ssig\n\u0022 \/\u003E\n\n    \u003C\/picture\u003E\n      \u003Cfigcaption class=\u0022image--figcaption\u0022\u003E\n          \u003Cdiv class=\u0022copyright\u0022\u003EFoto: H.B. Fuller | K\u00f6mmerling, Martin L\u00e4ssig\n\u003C\/div\u003E\n          \u003C\/figcaption\u003E\n\u003C\/figure\u003E\n\n\n    \u003C\/div\u003E\n    \u003Cdiv class=\u0022teaser-content\u0022\u003E\n                    \u003Cdiv class=\u0022teaser-content--kicker\u0022\u003E\n                    H.B. Fuller | K\u00f6mmerling\u0026#13;\n        \u003C\/div\u003E\n                                              \n                        \n        \u003Ch4 class=\u0022teaser-content--headline\u0022\u003E\n                                Warme Kante f\u00fcr das \n                              \u003Cspan class=\u0022headline-last-word-arrow\u0022\u003ENewton                      \u003C\/span\u003E\n        \u003C\/h4\u003E\n            \u003Cdiv class=\u0022teaser-content--body\u0022\u003E\u003Cp\u003EEin gutes Beispiel f\u00fcr ein hocheffizientes Geb\u00e4ude ist das Newton, eine B\u00fcroimmobilie im M\u00fcnchner Westend. In der Dachkuppel sind kaltgebogene, doppelt gekr\u00fcmmte ISO-Einheiten verbaut. Hier erfahren Sie, warum als Randverbund das Warme-Kante-System K\u00f6dispace von H.B. Fuller | K\u00f6mmerling zum Einsatz kommt.\u003C\/p\u003E\n\u003C\/div\u003E\n                        \u003Cspan class=\u0022read-more-arrow-container\u0022\u003E\n            \u003Cspan class=\u0022read-more-angled-arrow\u0022\u003E \u003C\/span\u003E\n          \u003C\/span\u003E\n                  \u003C\/div\u003E\n    \u003C\/a\u003E\n","entity_type":"node","used_ids":[""],"show_more":""}]