[{"command":"showMoreTeasers","id":"del--paragraph-573083","content":"\u003Ca href=\u0022\/glas\/sageglass-climatop-fuer-bank-solothurn\u0022  class=\u0022teaser teaser--standard\u0022 aria-label=\u0022SageGlass Climatop f\u00fcr Bank in\u00a0Solothurn\u0022\u003E\n      \u003Cdiv class=\u0022teaser-content--image\u0022\u003E\n        \u003Cfigure class=\u0022image--figure\u0022\u003E\n        \u003Cpicture\u003E\n                        \u003Csource srcset=\u0022\/sites\/default\/files\/styles\/teaser_standard__m\/public\/aurora\/2020\/10\/68970.jpeg.webp?itok=5WHaYlOW 1x\u0022 media=\u0022(min-width: 48.0625em) and (max-width: 64em)\u0022 type=\u0022image\/webp\u0022 width=\u0022323\u0022 height=\u0022242\u0022\/\u003E\n                  \u003Csource srcset=\u0022\/sites\/default\/files\/styles\/teaser_standard__l\/public\/aurora\/2020\/10\/68970.jpeg.webp?itok=XFEotn8t 1x\u0022 media=\u0022(min-width: 64.0625em)\u0022 type=\u0022image\/webp\u0022 width=\u0022203\u0022 height=\u0022152\u0022\/\u003E\n                  \u003Csource srcset=\u0022\/sites\/default\/files\/styles\/teaser_standard__m\/public\/aurora\/2020\/10\/68970.jpeg?itok=6a6tn-ly 1x\u0022 media=\u0022(min-width: 48.0625em) and (max-width: 64em)\u0022 type=\u0022image\/jpeg\u0022 width=\u0022323\u0022 height=\u0022242\u0022\/\u003E\n                  \u003Csource srcset=\u0022\/sites\/default\/files\/styles\/teaser_standard__l\/public\/aurora\/2020\/10\/68970.jpeg?itok=tWc3_nHi 1x\u0022 media=\u0022(min-width: 64.0625em)\u0022 type=\u0022image\/jpeg\u0022 width=\u0022203\u0022 height=\u0022152\u0022\/\u003E\n                          \u003Cimg alt=\u0022Variabler g-Wert. Die elektronisch gesteuerte T\u00f6nungsfunktion von SageGlass dunkelt die Gl\u00e4ser des Geb\u00e4udes bei Bedarf ab und \u00fcbernimmt dadurch auch den Sonnen-, Hitze- und Blendschutz.\u0022 loading=\u0022eager\u0022 data-caption-hide width=\u0022531\u0022 height=\u0022398\u0022 data-zoomed=\u0022https:\/\/www.glaswelt.de\/sites\/default\/files\/styles\/content__zoomed\/public\/aurora\/2020\/10\/68970.jpeg?itok=g70DMnLl\u0022 src=\u0022\/sites\/default\/files\/styles\/teaser_standard__s\/public\/aurora\/2020\/10\/68970.jpeg?itok=jJNzWCwr\u0022 title=\u0022\u00a9 Foto: SageGlass\n\u0022 \/\u003E\n\n    \u003C\/picture\u003E\n      \u003Cfigcaption class=\u0022image--figcaption\u0022\u003E\n          \u003Cdiv class=\u0022copyright\u0022\u003EFoto: SageGlass\n\u003C\/div\u003E\n          \u003C\/figcaption\u003E\n\u003C\/figure\u003E\n\n\n    \u003C\/div\u003E\n    \u003Cdiv class=\u0022teaser-content\u0022\u003E\n                    \u003Cdiv class=\u0022teaser-content--kicker\u0022\u003E\n                    \n        \u003C\/div\u003E\n                                              \n                        \n        \u003Ch4 class=\u0022teaser-content--headline\u0022\u003E\n                                SageGlass Climatop f\u00fcr Bank \n                              \u003Cspan class=\u0022headline-last-word-arrow\u0022\u003Ein\u00a0Solothurn                      \u003C\/span\u003E\n        \u003C\/h4\u003E\n            \u003Cdiv class=\u0022teaser-content--body\u0022\u003E\u003Cp\u003EDie im Zentrum von Solothurn gelegene Baloise Bank SoBa AG s legt viel Wert auf ein repr\u00e4sentatives Erscheinungsbild. Dies umfasst auch die Geb\u00e4udeh\u00fclle der Bank, die rundum renoviert wurde. Lesen Sie, warum dort smarte, schaltbare Gl\u00e4ser verbaut wurden.\u003C\/p\u003E\n\u003C\/div\u003E\n                        \u003Cspan class=\u0022read-more-arrow-container\u0022\u003E\n            \u003Cspan class=\u0022read-more-angled-arrow\u0022\u003E \u003C\/span\u003E\n          \u003C\/span\u003E\n                  \u003C\/div\u003E\n    \u003C\/a\u003E\n\u003Ca href=\u0022\/top-thema\/econtrol-smarte-glaeser-vertraute-arbeitsschritte-jeder-kann-unsere-smarten-glaeser\u0022  class=\u0022teaser teaser--standard\u0022 aria-label=\u0022\u201eJeder kann unsere smarten Gl\u00e4ser verbauen\u201c\r\u0022\u003E\n      \u003Cdiv class=\u0022teaser-content--image\u0022\u003E\n        \u003Cfigure class=\u0022image--figure\u0022\u003E\n        \u003Cpicture\u003E\n                        \u003Csource srcset=\u0022\/sites\/default\/files\/styles\/teaser_standard__m\/public\/aurora\/2020\/10\/60289.jpeg.webp?itok=oThOB14x 1x\u0022 media=\u0022(min-width: 48.0625em) and (max-width: 64em)\u0022 type=\u0022image\/webp\u0022 width=\u0022150\u0022 height=\u0022242\u0022\/\u003E\n                  \u003Csource srcset=\u0022\/sites\/default\/files\/styles\/teaser_standard__l\/public\/aurora\/2020\/10\/60289.jpeg.webp?itok=09iRfhrG 1x\u0022 media=\u0022(min-width: 64.0625em)\u0022 type=\u0022image\/webp\u0022 width=\u002294\u0022 height=\u0022152\u0022\/\u003E\n                  \u003Csource srcset=\u0022\/sites\/default\/files\/styles\/teaser_standard__m\/public\/aurora\/2020\/10\/60289.jpeg?itok=l-KEdAax 1x\u0022 media=\u0022(min-width: 48.0625em) and (max-width: 64em)\u0022 type=\u0022image\/jpeg\u0022 width=\u0022150\u0022 height=\u0022242\u0022\/\u003E\n                  \u003Csource srcset=\u0022\/sites\/default\/files\/styles\/teaser_standard__l\/public\/aurora\/2020\/10\/60289.jpeg?itok=oHmh0LPi 1x\u0022 media=\u0022(min-width: 64.0625em)\u0022 type=\u0022image\/jpeg\u0022 width=\u002294\u0022 height=\u0022152\u0022\/\u003E\n                          \u003Cimg alt=\u0022Die schaltbaren EControl Gl\u00e4ser sind seit Jahren erprobt. Sei Kurzem ist die j\u00fcngste Generation am Markt.\u0022 loading=\u0022eager\u0022 data-caption-hide width=\u0022246\u0022 height=\u0022398\u0022 data-zoomed=\u0022https:\/\/www.glaswelt.de\/sites\/default\/files\/styles\/content__zoomed\/public\/aurora\/2020\/10\/60289.jpeg?itok=rO5Shrbn\u0022 src=\u0022\/sites\/default\/files\/styles\/teaser_standard__s\/public\/aurora\/2020\/10\/60289.jpeg?itok=YXNsCapA\u0022 title=\u0022\u00a9 Foto: EControl\n\u0022 \/\u003E\n\n    \u003C\/picture\u003E\n      \u003Cfigcaption class=\u0022image--figcaption\u0022\u003E\n          \u003Cdiv class=\u0022copyright\u0022\u003EFoto: EControl\n\u003C\/div\u003E\n          \u003C\/figcaption\u003E\n\u003C\/figure\u003E\n\n\n    \u003C\/div\u003E\n    \u003Cdiv class=\u0022teaser-content\u0022\u003E\n                    \u003Cdiv class=\u0022teaser-content--kicker\u0022\u003E\n                    EControl: Smarte Gl\u00e4ser, vertraute Arbeitsschritte\u0026#13;\n        \u003C\/div\u003E\n                                              \n                        \n        \u003Ch4 class=\u0022teaser-content--headline\u0022\u003E\n                                \u201eJeder kann unsere smarten Gl\u00e4ser \n                              \u003Cspan class=\u0022headline-last-word-arrow\u0022\u003Everbauen\u201c                      \u003C\/span\u003E\n        \u003C\/h4\u003E\n            \u003Cdiv class=\u0022teaser-content--body\u0022\u003E\u003Cp\u003ESmart Glass erm\u00f6glicht es Geb\u00e4uden, sich dynamisch auf das Klima einzustellen und solare Energieeintr\u00e4ge drau\u00dfen halten, wenn es warm ist und nur bei Bedarf diese Sonnenenergie nutzen. Die smarten Gl\u00e4ser gehen noch einen Schritt weiter. Ihre digitale Auslegung erm\u00f6glicht es, die Umwelt mit verschiedenen Parametern wahrzunehmen und darauf zu reagieren und so zur Kernkomponente der adaptiven Geb\u00e4udeh\u00fclle zu werden. Hier erl\u00e4utern wir, wie sich solche Gl\u00e4ser einbauen lassen.\u003C\/p\u003E\n\u003C\/div\u003E\n                        \u003Cspan class=\u0022read-more-arrow-container\u0022\u003E\n            \u003Cspan class=\u0022read-more-angled-arrow\u0022\u003E \u003C\/span\u003E\n          \u003C\/span\u003E\n                  \u003C\/div\u003E\n    \u003C\/a\u003E\n\u003Ca href=\u0022\/glas\/interview-mit-robert-jagger-von-halio-schaltbare-glaeser-fuer-neubau-und-sanierung\u0022  class=\u0022teaser teaser--standard\u0022 aria-label=\u0022Schaltbare Gl\u00e4ser f\u00fcr Neubau und Sanierung\r\u0022\u003E\n      \u003Cdiv class=\u0022teaser-content--image\u0022\u003E\n        \u003Cfigure class=\u0022image--figure\u0022\u003E\n        \u003Cpicture\u003E\n                        \u003Csource srcset=\u0022\/sites\/default\/files\/styles\/teaser_standard__m\/public\/aurora\/2020\/10\/59569.jpeg.webp?itok=CdKGN8dH 1x\u0022 media=\u0022(min-width: 48.0625em) and (max-width: 64em)\u0022 type=\u0022image\/webp\u0022 width=\u0022161\u0022 height=\u0022242\u0022\/\u003E\n                  \u003Csource srcset=\u0022\/sites\/default\/files\/styles\/teaser_standard__l\/public\/aurora\/2020\/10\/59569.jpeg.webp?itok=APDlr5oj 1x\u0022 media=\u0022(min-width: 64.0625em)\u0022 type=\u0022image\/webp\u0022 width=\u0022101\u0022 height=\u0022152\u0022\/\u003E\n                  \u003Csource srcset=\u0022\/sites\/default\/files\/styles\/teaser_standard__m\/public\/aurora\/2020\/10\/59569.jpeg?itok=KCnGSXUT 1x\u0022 media=\u0022(min-width: 48.0625em) and (max-width: 64em)\u0022 type=\u0022image\/jpeg\u0022 width=\u0022161\u0022 height=\u0022242\u0022\/\u003E\n                  \u003Csource srcset=\u0022\/sites\/default\/files\/styles\/teaser_standard__l\/public\/aurora\/2020\/10\/59569.jpeg?itok=IFzljHtl 1x\u0022 media=\u0022(min-width: 64.0625em)\u0022 type=\u0022image\/jpeg\u0022 width=\u0022101\u0022 height=\u0022152\u0022\/\u003E\n                          \u003Cimg alt=\u0022Robert Jagger, Sales Manager Halio Europa und Middle East\u0022 loading=\u0022eager\u0022 data-caption-hide width=\u0022264\u0022 height=\u0022398\u0022 data-zoomed=\u0022https:\/\/www.glaswelt.de\/sites\/default\/files\/styles\/content__zoomed\/public\/aurora\/2020\/10\/59569.jpeg?itok=bcfmTZrR\u0022 src=\u0022\/sites\/default\/files\/styles\/teaser_standard__s\/public\/aurora\/2020\/10\/59569.jpeg?itok=S-4d5ML7\u0022 title=\u0022\u00a9 Foto: Halio\n\u0022 \/\u003E\n\n    \u003C\/picture\u003E\n      \u003Cfigcaption class=\u0022image--figcaption\u0022\u003E\n          \u003Cdiv class=\u0022copyright\u0022\u003EFoto: Halio\n\u003C\/div\u003E\n          \u003C\/figcaption\u003E\n\u003C\/figure\u003E\n\n\n    \u003C\/div\u003E\n    \u003Cdiv class=\u0022teaser-content\u0022\u003E\n                    \u003Cdiv class=\u0022teaser-content--kicker\u0022\u003E\n                    Interview mit Robert Jagger von Halio \u0026#13;\n        \u003C\/div\u003E\n                                              \n                        \n        \u003Ch4 class=\u0022teaser-content--headline\u0022\u003E\n                                Schaltbare Gl\u00e4ser f\u00fcr Neubau und \n                              \u003Cspan class=\u0022headline-last-word-arrow\u0022\u003ESanierung                      \u003C\/span\u003E\n        \u003C\/h4\u003E\n            \u003Cdiv class=\u0022teaser-content--body\u0022\u003E\u003Cp\u003EHeute wird in Geb\u00e4uden ein hohes Ma\u00df an Tageslicht gew\u00fcnscht, doch ein hoher Tageslichteintrag muss im Gleichgewicht mit dem W\u00e4rmeeintrag und dem Sonnenschutz stehen. Wie sich diese Herausforderung mit schaltbaren Gl\u00e4sern umsetzen l\u00e4sst, erl\u00e4utert Robert Jagger, Sales Manager Halio Europa und Middle East.\u003C\/p\u003E\n\u003C\/div\u003E\n                        \u003Cspan class=\u0022read-more-arrow-container\u0022\u003E\n            \u003Cspan class=\u0022read-more-angled-arrow\u0022\u003E \u003C\/span\u003E\n          \u003C\/span\u003E\n                  \u003C\/div\u003E\n    \u003C\/a\u003E\n\u003Ca href=\u0022\/top-thema\/kuzman-flachglas-markenkreis-so-bringen-ledscreens-nicht-nur-fassaden-zum-leuchten\u0022  class=\u0022teaser teaser--standard\u0022 aria-label=\u0022So bringen LEDscreens nicht nur Fassaden zum Leuchten\r\u0022\u003E\n      \u003Cdiv class=\u0022teaser-content--image\u0022\u003E\n        \u003Cfigure class=\u0022image--figure\u0022\u003E\n        \u003Cpicture\u003E\n                        \u003Csource srcset=\u0022\/sites\/default\/files\/styles\/teaser_standard__m\/public\/aurora\/2020\/10\/64383.jpeg.webp?itok=1uwdtVwG 1x\u0022 media=\u0022(min-width: 48.0625em) and (max-width: 64em)\u0022 type=\u0022image\/webp\u0022 width=\u0022323\u0022 height=\u0022215\u0022\/\u003E\n                  \u003Csource srcset=\u0022\/sites\/default\/files\/styles\/teaser_standard__l\/public\/aurora\/2020\/10\/64383.jpeg.webp?itok=C2q83gIJ 1x\u0022 media=\u0022(min-width: 64.0625em)\u0022 type=\u0022image\/webp\u0022 width=\u0022203\u0022 height=\u0022135\u0022\/\u003E\n                  \u003Csource srcset=\u0022\/sites\/default\/files\/styles\/teaser_standard__m\/public\/aurora\/2020\/10\/64383.jpeg?itok=qZh8JqVt 1x\u0022 media=\u0022(min-width: 48.0625em) and (max-width: 64em)\u0022 type=\u0022image\/jpeg\u0022 width=\u0022323\u0022 height=\u0022215\u0022\/\u003E\n                  \u003Csource srcset=\u0022\/sites\/default\/files\/styles\/teaser_standard__l\/public\/aurora\/2020\/10\/64383.jpeg?itok=6tmyqTJU 1x\u0022 media=\u0022(min-width: 64.0625em)\u0022 type=\u0022image\/jpeg\u0022 width=\u0022203\u0022 height=\u0022135\u0022\/\u003E\n                          \u003Cimg alt=\u0022Die leuchtenden Fassadenpanels von Kuzman verleihen Geb\u00e4uden einen ganz eigenen Charakter. Bei Tag erscheinen sie dabei wie \u201enormale\u201c Fassadenplatten. \u0022 loading=\u0022eager\u0022 data-caption-hide width=\u0022597\u0022 height=\u0022398\u0022 data-zoomed=\u0022https:\/\/www.glaswelt.de\/sites\/default\/files\/styles\/content__zoomed\/public\/aurora\/2020\/10\/64383.jpeg?itok=aUxMa7xh\u0022 src=\u0022\/sites\/default\/files\/styles\/teaser_standard__s\/public\/aurora\/2020\/10\/64383.jpeg?itok=c8xhdCiA\u0022 title=\u0022\u00a9 Foto: Kuzman Glas GmbH\n\u0022 \/\u003E\n\n    \u003C\/picture\u003E\n      \u003Cfigcaption class=\u0022image--figcaption\u0022\u003E\n          \u003Cdiv class=\u0022copyright\u0022\u003EFoto: Kuzman Glas GmbH\n\u003C\/div\u003E\n          \u003C\/figcaption\u003E\n\u003C\/figure\u003E\n\n\n    \u003C\/div\u003E\n    \u003Cdiv class=\u0022teaser-content\u0022\u003E\n                    \u003Cdiv class=\u0022teaser-content--kicker\u0022\u003E\n                    Kuzman | Flachglas MarkenKreis\u0026#13;\n        \u003C\/div\u003E\n                                              \n                        \n        \u003Ch4 class=\u0022teaser-content--headline\u0022\u003E\n                                So bringen LEDscreens nicht nur Fassaden zum \n                              \u003Cspan class=\u0022headline-last-word-arrow\u0022\u003ELeuchten                      \u003C\/span\u003E\n        \u003C\/h4\u003E\n            \u003Cdiv class=\u0022teaser-content--body\u0022\u003E  \u003Cp\u003EDie Fl\u00e4chenlicht-L\u00f6sungen von Kuzman Invision gibt es sowohl als Systeme f\u00fcr das Interieur als auch f\u00fcr die Fassade, wobei der Anbieter, der Mitglied im Flachglas MarkenKreis ist, auch hier zahlreiche Referenzen f\u00fcr den Einsatz von LEDscreen in der Fassade belegen kann. \u003Cbr\u003E\n\u003C\/p\u003E\n\u003Cp\u003EDie Fassadenpanels wirken...\u003C\/p\u003E\n\n\n\u003C\/div\u003E\n                        \u003Cspan class=\u0022read-more-arrow-container\u0022\u003E\n            \u003Cspan class=\u0022read-more-angled-arrow\u0022\u003E \u003C\/span\u003E\n          \u003C\/span\u003E\n                  \u003C\/div\u003E\n    \u003C\/a\u003E\n\u003Ca href=\u0022\/glas\/vilnius-university-library-cosy-inside-views-pines\u0022  class=\u0022teaser teaser--standard\u0022 aria-label=\u0022Vilnius University Library: Cosy on the inside with views of the pines\u0022\u003E\n      \u003Cdiv class=\u0022teaser-content--image\u0022\u003E\n        \u003Cfigure class=\u0022image--figure\u0022\u003E\n        \u003Cpicture\u003E\n                        \u003Csource srcset=\u0022\/sites\/default\/files\/styles\/teaser_standard__m\/public\/aurora\/2020\/08\/57659.jpeg.webp?itok=3tJCDqYF 1x\u0022 media=\u0022(min-width: 48.0625em) and (max-width: 64em)\u0022 type=\u0022image\/webp\u0022 width=\u0022323\u0022 height=\u0022215\u0022\/\u003E\n                  \u003Csource srcset=\u0022\/sites\/default\/files\/styles\/teaser_standard__l\/public\/aurora\/2020\/08\/57659.jpeg.webp?itok=f1f-KUEN 1x\u0022 media=\u0022(min-width: 64.0625em)\u0022 type=\u0022image\/webp\u0022 width=\u0022203\u0022 height=\u0022135\u0022\/\u003E\n                  \u003Csource srcset=\u0022\/sites\/default\/files\/styles\/teaser_standard__m\/public\/aurora\/2020\/08\/57659.jpeg?itok=fxVlvuy9 1x\u0022 media=\u0022(min-width: 48.0625em) and (max-width: 64em)\u0022 type=\u0022image\/jpeg\u0022 width=\u0022323\u0022 height=\u0022215\u0022\/\u003E\n                  \u003Csource srcset=\u0022\/sites\/default\/files\/styles\/teaser_standard__l\/public\/aurora\/2020\/08\/57659.jpeg?itok=2qobS7Ej 1x\u0022 media=\u0022(min-width: 64.0625em)\u0022 type=\u0022image\/jpeg\u0022 width=\u0022203\u0022 height=\u0022135\u0022\/\u003E\n                          \u003Cimg alt=\u0022The glazed facades are arranged so that all joints and gaps are horizontal.\u0022 loading=\u0022eager\u0022 data-caption-hide width=\u0022597\u0022 height=\u0022398\u0022 data-zoomed=\u0022https:\/\/www.glaswelt.de\/sites\/default\/files\/styles\/content__zoomed\/public\/aurora\/2020\/08\/57659.jpeg?itok=H0Zl3Zyu\u0022 src=\u0022\/sites\/default\/files\/styles\/teaser_standard__s\/public\/aurora\/2020\/08\/57659.jpeg?itok=C3KX2vCb\u0022 title=\u0022\u00a9 Guardian Glass\n\u0022 \/\u003E\n\n    \u003C\/picture\u003E\n      \u003Cfigcaption class=\u0022image--figcaption\u0022\u003E\n          \u003Cdiv class=\u0022copyright\u0022\u003EGuardian Glass\n\u003C\/div\u003E\n          \u003C\/figcaption\u003E\n\u003C\/figure\u003E\n\n\n    \u003C\/div\u003E\n    \u003Cdiv class=\u0022teaser-content\u0022\u003E\n                    \u003Cdiv class=\u0022teaser-content--kicker\u0022\u003E\n                    \n        \u003C\/div\u003E\n                                              \n                        \n        \u003Ch4 class=\u0022teaser-content--headline\u0022\u003E\n                                Vilnius University Library: Cosy on the inside with views of the \n                              \u003Cspan class=\u0022headline-last-word-arrow\u0022\u003Epines                      \u003C\/span\u003E\n        \u003C\/h4\u003E\n            \u003Cdiv class=\u0022teaser-content--body\u0022\u003E\u003Cp\u003EThe Scholarly Communication and Information Centre of the library of Vilnius University has a striking design while the large glass facades also allow the mind to wonder as one sits in the reading room studying.\u003C\/p\u003E\n\u003C\/div\u003E\n                        \u003Cspan class=\u0022read-more-arrow-container\u0022\u003E\n            \u003Cspan class=\u0022read-more-angled-arrow\u0022\u003E \u003C\/span\u003E\n          \u003C\/span\u003E\n                  \u003C\/div\u003E\n    \u003C\/a\u003E\n","entity_type":"node","used_ids":[""],"show_more":""}]